{"id":11512,"date":"2026-01-23T14:06:12","date_gmt":"2026-01-23T17:06:12","guid":{"rendered":"https:\/\/criticanoespecializada.com.ar\/?p=11512"},"modified":"2026-01-23T14:06:15","modified_gmt":"2026-01-23T17:06:15","slug":"no-confies-en-el-mar","status":"publish","type":"post","link":"https:\/\/criticanoespecializada.com.ar\/en\/no-confies-en-el-mar\/","title":{"rendered":"&#8220;No conf\u00edes en el mar&#8221; de Karina Vaquero"},"content":{"rendered":"<h3 class=\"wp-block-heading\">&#8220;No conf\u00edes en el mar&#8221; es el primer libro de la escritora bonaerense Karina Vaquero. Es una novela corta que la autora clasifica como &#8220;Fantas\u00eda oscura&#8221;. Un excelente punto de partida para los lectores que no est\u00e9n sumergidos en el mundo de la fantas\u00eda literaria.<\/h3>\n\n\n\n<div style=\"height:32px\" aria-hidden=\"true\" class=\"wp-block-spacer\"><\/div>\n\n\n<div class=\"wp-block-image\">\n<figure class=\"aligncenter size-large is-resized\"><img loading=\"lazy\" decoding=\"async\" width=\"772\" height=\"1024\" src=\"https:\/\/criticanoespecializada.com.ar\/wp-content\/uploads\/2026\/01\/20260123_133704-772x1024.jpg\" alt=\"no conf\u00edes en el mar\" class=\"wp-image-11513\" style=\"width:597px;height:auto\" title=\"\" srcset=\"https:\/\/criticanoespecializada.com.ar\/wp-content\/uploads\/2026\/01\/20260123_133704-772x1024.jpg 772w, https:\/\/criticanoespecializada.com.ar\/wp-content\/uploads\/2026\/01\/20260123_133704-226x300.jpg 226w, https:\/\/criticanoespecializada.com.ar\/wp-content\/uploads\/2026\/01\/20260123_133704-768x1019.jpg 768w, https:\/\/criticanoespecializada.com.ar\/wp-content\/uploads\/2026\/01\/20260123_133704-1158x1536.jpg 1158w, https:\/\/criticanoespecializada.com.ar\/wp-content\/uploads\/2026\/01\/20260123_133704-1544x2048.jpg 1544w, https:\/\/criticanoespecializada.com.ar\/wp-content\/uploads\/2026\/01\/20260123_133704-9x12.jpg 9w, https:\/\/criticanoespecializada.com.ar\/wp-content\/uploads\/2026\/01\/20260123_133704-scaled.jpg 1930w\" sizes=\"auto, (max-width: 772px) 100vw, 772px\" \/><\/figure>\n<\/div>\n\n\n<div style=\"height:32px\" aria-hidden=\"true\" class=\"wp-block-spacer\"><\/div>\n\n\n\n<p class=\"has-medium-font-size\">Por Ezequiel Olasagasti<\/p>\n\n\n\n<!--more-->\n\n\n\n<p class=\"has-medium-font-size\" style=\"text-align: justify;\">Cuando escuch\u00e9 a <a href=\"https:\/\/www.karinavaquero.com.ar\/\" target=\"_blank\" rel=\"noopener\">Karina Vaquero<\/a> describirle su libro a la gente en la feria del libro de <strong>Mor\u00f3n<\/strong>, llam\u00f3 mi atenci\u00f3n de inmediato. \u201cFantas\u00eda oscura\u201d, dijo <a href=\"https:\/\/www.instagram.com\/misspoupee_\/?hl=es-la\" target=\"_blank\" rel=\"noopener\"><strong>Karina<\/strong><\/a>. \u201cEsto es lo que yo busco\u201d, pens\u00e9.<\/p>\n\n\n\n<p class=\"has-medium-font-size\" style=\"text-align: justify;\">No soy un fan de la literatura de fantas\u00eda. Si es que, acaso, <strong>Harry Potter<\/strong> entra en esta categor\u00eda, puedo decir que <a href=\"https:\/\/harrypotter.fandom.com\/es\/wiki\/Harry_Potter_y_la_piedra_filosofal\" target=\"_blank\" rel=\"noopener\"><strong>\u201cLa piedra filosofal\u201d<\/strong><\/a> es el \u00fanico que le\u00ed. Las sagas me alejan. En parte por una cuesti\u00f3n de ansiedad o impaciencia no s\u00e9. Entiendo que tengas que construir t\u00fa mundo y t\u00fa historia, pero ya cinco libros me parecen demasiado. Hay otros esper\u00e1ndome. Tampoco ayuda el hecho de que (algunas) lecturas apuntadas al p\u00fablico juvenil me resultan sobrecargadas de lugares comunes y situaciones clich\u00e9 que podr\u00eda encontrar en una tira de <strong>Polka<\/strong>.<\/p>\n\n\n\n<p class=\"has-medium-font-size\" style=\"text-align: justify;\">Sin embargo, desde hace tiempo siento que me estoy perdiendo de algo. Que este g\u00e9nero tan popular tiene algo que no estoy pudiendo ver, claramente porque el problema lo tengo yo. Y este libro, <strong>\u201cNo conf\u00edes en el mar\u201d<\/strong>, fue un excelente punto de entrada que rompi\u00f3 mis prejuicios.<\/p>\n\n\n<div class=\"wp-block-image\">\n<figure class=\"aligncenter size-large is-resized\"><img loading=\"lazy\" decoding=\"async\" width=\"1024\" height=\"1024\" src=\"https:\/\/criticanoespecializada.com.ar\/wp-content\/uploads\/2026\/01\/WhatsApp-Image-2025-05-23-at-21.09.55-1024x1024.jpeg\" alt=\"no conf\u00edes en el mar\" class=\"wp-image-11515\" style=\"width:568px;height:auto\" title=\"\" srcset=\"https:\/\/criticanoespecializada.com.ar\/wp-content\/uploads\/2026\/01\/WhatsApp-Image-2025-05-23-at-21.09.55-1024x1024.jpeg 1024w, https:\/\/criticanoespecializada.com.ar\/wp-content\/uploads\/2026\/01\/WhatsApp-Image-2025-05-23-at-21.09.55-300x300.jpeg 300w, https:\/\/criticanoespecializada.com.ar\/wp-content\/uploads\/2026\/01\/WhatsApp-Image-2025-05-23-at-21.09.55-150x150.jpeg 150w, https:\/\/criticanoespecializada.com.ar\/wp-content\/uploads\/2026\/01\/WhatsApp-Image-2025-05-23-at-21.09.55-768x768.jpeg 768w, https:\/\/criticanoespecializada.com.ar\/wp-content\/uploads\/2026\/01\/WhatsApp-Image-2025-05-23-at-21.09.55-12x12.jpeg 12w, https:\/\/criticanoespecializada.com.ar\/wp-content\/uploads\/2026\/01\/WhatsApp-Image-2025-05-23-at-21.09.55.jpeg 1080w\" sizes=\"auto, (max-width: 1024px) 100vw, 1024px\" \/><\/figure>\n<\/div>\n\n\n<p class=\"has-medium-font-size\" style=\"text-align: justify;\">Este es el primer libro de <strong>Karina Vaquero<\/strong>. Sali\u00f3 en el a\u00f1o 2023 bajo la edici\u00f3n de la <a href=\"https:\/\/www.instagram.com\/editorialvanadis\/?hl=es-la\" target=\"_blank\" rel=\"noopener\">editorial Vanadis<\/a>. Aunque, hoy por hoy, los derechos y la venta del mismo pertenecen completamente a la autora.<\/p>\n\n\n\n<p class=\"has-medium-font-size\" style=\"text-align: justify;\">Es un libro peque\u00f1o, de esos que te entran en el bolsillo de atr\u00e1s del jean. Con poco m\u00e1s de ochenta p\u00e1ginas que te devoras en una tarde. La brevedad no es un defecto, es una cualidad a destacar. Es dif\u00edcil poder contar algo interesante, fuerte y con contenido en pocas p\u00e1ginas. Eso es lo que me molesta de las sagas interminables, \u00bfDe que me sirve que de 300 p\u00e1ginas 100 son de descripciones de paisajes o de la apariencia de los personajes? Pero, de nuevo, una cuesti\u00f3n personal. Menci\u00f3n aqu\u00ed para los hermosos dibujos que se esparcen por el libro. Ellos son los encargados de mostrarnos esas cosas que no se describieron durante dos hojas.<\/p>\n\n\n\n<p class=\"has-medium-font-size\" style=\"text-align: justify;\">En <strong>\u201cNo conf\u00edes en el mar\u201d<\/strong> se cuenta la historia de una mujer que, para acabar con una maldici\u00f3n que atac\u00f3 a una persona que ama, debe embarcarse en una peligrosa aventura en el mar. No le ser\u00e1 f\u00e1cil hacerlo, no solo por las supersticiones de mezclar mujeres y barcos en el oc\u00e9ano, sino por la historia que carga con el \u00fanico capit\u00e1n de un nav\u00edo que podr\u00eda darle una mano.<\/p>\n\n\n\n<p class=\"has-medium-font-size\">La obra se cuenta con un dejo sombr\u00edo que me encanta. Los barcos, los marineros y las ciudades costeras brindan esa sensaci\u00f3n de suciedad, peligro y muerte que te pintan en la cabeza una historia de piratas. S\u00ed consider\u00f3 que hay partes o acciones que ped\u00edan a gritos m\u00e1s desarrollo. Y ustedes dir\u00e1n \u201cBueno gordo, decidite \u00bfQuer\u00e9s algo largo o algo breve?\u201d y tienen raz\u00f3n. Pero se nota que hay momentos que debieron tomarse m\u00e1s tiempo para construirse o que necesitaban m\u00e1s di\u00e1logo. Me arriesgo a decir, que fue por una cuesti\u00f3n de extensi\u00f3n con la que contaba la autora, y que esto le oblig\u00f3 a recortar escenas.<\/p>\n\n\n\n<p class=\"has-medium-font-size\" style=\"text-align: justify;\">Sin embargo, esto no cambia el hecho de que la historia se desenvuelve a la perfecci\u00f3n y que los personajes tienen una excelente qu\u00edmica entre ellos. Aun con la poca cantidad de p\u00e1ginas, estos se desarrollan. Se van mostrando de a poco y completan sus arcos narrativos. Esto es posible porque los personajes que mueven la historia son dos: <strong>Eva<\/strong> y <strong>Herten<\/strong>. El resto son solo apoyo que cumplen funciones narrativas, pero que no necesitan una acci\u00f3n s\u00faper destacada.<\/p>\n\n\n<div class=\"wp-block-image\">\n<figure class=\"aligncenter size-full is-resized\"><img loading=\"lazy\" decoding=\"async\" width=\"194\" height=\"259\" src=\"https:\/\/criticanoespecializada.com.ar\/wp-content\/uploads\/2026\/01\/images-6.jpg\" alt=\"no conf\u00edes en el mar\" class=\"wp-image-11517\" style=\"width:261px;height:auto\" title=\"\" srcset=\"https:\/\/criticanoespecializada.com.ar\/wp-content\/uploads\/2026\/01\/images-6.jpg 194w, https:\/\/criticanoespecializada.com.ar\/wp-content\/uploads\/2026\/01\/images-6-9x12.jpg 9w\" sizes=\"auto, (max-width: 194px) 100vw, 194px\" \/><\/figure>\n<\/div>\n\n\n<p class=\"has-medium-font-size\" style=\"text-align: justify;\">El personaje de <strong>Ava<\/strong> es la representaci\u00f3n de una protagonista interesante y capaz de mover una historia de acci\u00f3n. <strong>Ava<\/strong> es fuerte, valiente y, a la vez, vulnerable. La obra cuenta una historia con un subtexto de feminismo perfectamente utilizado. Las mujeres aqu\u00ed son las que sufren y las que pelean al respecto. Son las hero\u00ednas, pero tambi\u00e9n las villanas. Si tienen que hundirte una espada en el est\u00f3mago, lo har\u00e1n sin que les tiemble la mano, mas no son criaturas que el guion siempre las salve de perder una batalla.<\/p>\n\n\n\n<p class=\"has-medium-font-size\" style=\"text-align: justify;\">No son perfectas, ni son solo el inter\u00e9s rom\u00e1ntico a rescatar. Aborda esa imagen mitol\u00f3gica de la mujer d\u00e1ndole una vuelta de tuerca. Y todo esto no vuelve a <strong>Herten<\/strong> el estereotipo de macho odiable unidimensional. Tiene, al igual que <strong>Ava<\/strong>, una complejidad que lo vuelve muy humano. Puede ser el apoyo en un mundo donde la mayor\u00eda no fueron otra cosa que victimarios.<\/p>\n\n\n\n<p class=\"has-medium-font-size\" style=\"text-align: justify;\">Hay un recurso que usa la autora que me encant\u00f3. Cada cap\u00edtulo comienza con una frase. No el t\u00edpico ep\u00edgrafe, es una frase que parece ser uno pero que, en realidad, es lo que dice el personaje. Es parte de su dialogo. Me pareci\u00f3 un truquito muy interesante.<\/p>\n\n\n<div class=\"wp-block-image\">\n<figure class=\"aligncenter size-large is-resized\"><img loading=\"lazy\" decoding=\"async\" width=\"819\" height=\"1024\" src=\"https:\/\/criticanoespecializada.com.ar\/wp-content\/uploads\/2026\/01\/WhatsApp-Image-2025-05-23-at-21.10.03-819x1024.jpeg\" alt=\"no conf\u00edes en el mar\" class=\"wp-image-11518\" style=\"width:421px;height:auto\" title=\"\" srcset=\"https:\/\/criticanoespecializada.com.ar\/wp-content\/uploads\/2026\/01\/WhatsApp-Image-2025-05-23-at-21.10.03-819x1024.jpeg 819w, https:\/\/criticanoespecializada.com.ar\/wp-content\/uploads\/2026\/01\/WhatsApp-Image-2025-05-23-at-21.10.03-240x300.jpeg 240w, https:\/\/criticanoespecializada.com.ar\/wp-content\/uploads\/2026\/01\/WhatsApp-Image-2025-05-23-at-21.10.03-768x960.jpeg 768w, https:\/\/criticanoespecializada.com.ar\/wp-content\/uploads\/2026\/01\/WhatsApp-Image-2025-05-23-at-21.10.03-10x12.jpeg 10w, https:\/\/criticanoespecializada.com.ar\/wp-content\/uploads\/2026\/01\/WhatsApp-Image-2025-05-23-at-21.10.03.jpeg 1080w\" sizes=\"auto, (max-width: 819px) 100vw, 819px\" \/><\/figure>\n<\/div>\n\n\n<p class=\"has-medium-font-size\" style=\"text-align: justify;\"><span style=\"color: #ff0000;\"><strong>En conclusi\u00f3n:<\/strong><\/span> \u201cNo conf\u00edes en el mar\u201d es una nouvelle muy buena. Un excelente punto de partida para los que no somos fans del g\u00e9nero de fantas\u00eda. Creo que logra eso porque parece m\u00e1s una reinterpretaci\u00f3n de distintos tipos de mitos que una t\u00edpica narraci\u00f3n fantasiosa. Alguien que, como yo, se devoraba los <strong>mitos griegos<\/strong> o las historias de <strong>Simbad el marino<\/strong>, esta historia le resultar\u00e1 hipn\u00f3tica.<\/p>\n\n\n\n<p class=\"has-medium-font-size\" style=\"text-align: justify;\">Y no me quiero ir sin dejar un aplauso para el final de esta historia. Un cierre valiente, que no se aferra a lo seguro. Uno que, de seguro, no les guste a todos, pero que se anima a ir a donde la historia pide.<\/p>\n\n\n\n<p class=\"has-medium-font-size\" style=\"text-align: justify;\">Antes del punto final, me animo a preguntar a la autora si esta historia \u00bfno merece una reedici\u00f3n extendida? Porque creo que de verdad lo merece. \u00a0Admito que es otra cosa que me molesta de la fantas\u00eda, que se extienda con <strong>spin off<\/strong> tras <strong>spin off<\/strong>. Cuando <strong>Star Wars<\/strong> ya saca una pel\u00edcula del que le vendi\u00f3 una cerveza a <strong>Obi Wan<\/strong>, ten\u00e9s que entender que ya no se puede sacar leche de esa vaca muerta. Pero ac\u00e1 hay una excepci\u00f3n. Ese \u00fanico defecto que me pareci\u00f3 que tiene la historia es la posibilidad de una reescritura m\u00e1s libre sobre un mundo con mucho para contar.<\/p>\n\n\n\n<p class=\"has-medium-font-size\" style=\"text-align: right;\">M\u00e1s rese\u00f1as de libros <a href=\"https:\/\/criticanoespecializada.com.ar\/en\/category\/literatura\/\">aqu\u00ed<\/a><\/p>","protected":false},"excerpt":{"rendered":"<p>&#8220;No conf\u00edes en el mar&#8221; es el primer libro de la escritora bonaerense Karina Vaquero. Es una novela corta que la autora clasifica como &#8220;Fantas\u00eda oscura&#8221;. Un excelente punto de partida para los lectores que no est\u00e9n sumergidos en el mundo de la fantas\u00eda literaria.<\/p>","protected":false},"author":14,"featured_media":11513,"comment_status":"open","ping_status":"open","sticky":false,"template":"","format":"standard","meta":{"googlesitekit_rrm_CAownYrbCw:productID":"","footnotes":""},"categories":[53,52],"tags":[915,427,1029,1715,388,149,1713,151,1712,1711,1714],"class_list":["post-11512","post","type-post","status-publish","format-standard","has-post-thumbnail","hentry","category-detras-de-las-letras","category-literatura","tag-autora","tag-escritoras","tag-fantasia-2","tag-fantasia-oscura","tag-feria-del-libro","tag-harry-potter","tag-karina-vaquero","tag-literatura-juvenil","tag-no-confies-en-el-mar","tag-resena-de-libros","tag-romanse"],"aioseo_notices":[],"_links":{"self":[{"href":"https:\/\/criticanoespecializada.com.ar\/en\/wp-json\/wp\/v2\/posts\/11512","targetHints":{"allow":["GET"]}}],"collection":[{"href":"https:\/\/criticanoespecializada.com.ar\/en\/wp-json\/wp\/v2\/posts"}],"about":[{"href":"https:\/\/criticanoespecializada.com.ar\/en\/wp-json\/wp\/v2\/types\/post"}],"author":[{"embeddable":true,"href":"https:\/\/criticanoespecializada.com.ar\/en\/wp-json\/wp\/v2\/users\/14"}],"replies":[{"embeddable":true,"href":"https:\/\/criticanoespecializada.com.ar\/en\/wp-json\/wp\/v2\/comments?post=11512"}],"version-history":[{"count":3,"href":"https:\/\/criticanoespecializada.com.ar\/en\/wp-json\/wp\/v2\/posts\/11512\/revisions"}],"predecessor-version":[{"id":11519,"href":"https:\/\/criticanoespecializada.com.ar\/en\/wp-json\/wp\/v2\/posts\/11512\/revisions\/11519"}],"wp:featuredmedia":[{"embeddable":true,"href":"https:\/\/criticanoespecializada.com.ar\/en\/wp-json\/wp\/v2\/media\/11513"}],"wp:attachment":[{"href":"https:\/\/criticanoespecializada.com.ar\/en\/wp-json\/wp\/v2\/media?parent=11512"}],"wp:term":[{"taxonomy":"category","embeddable":true,"href":"https:\/\/criticanoespecializada.com.ar\/en\/wp-json\/wp\/v2\/categories?post=11512"},{"taxonomy":"post_tag","embeddable":true,"href":"https:\/\/criticanoespecializada.com.ar\/en\/wp-json\/wp\/v2\/tags?post=11512"}],"curies":[{"name":"wp","href":"https:\/\/api.w.org\/{rel}","templated":true}]}}