{"id":11719,"date":"2026-04-30T16:17:30","date_gmt":"2026-04-30T19:17:30","guid":{"rendered":"https:\/\/criticanoespecializada.com.ar\/?p=11719"},"modified":"2026-04-30T16:17:35","modified_gmt":"2026-04-30T19:17:35","slug":"pensamiento-lateral-2","status":"publish","type":"post","link":"https:\/\/criticanoespecializada.com.ar\/en\/pensamiento-lateral-2\/","title":{"rendered":"\u201cPENSAMIENTO LATERAL\u201d (Dir. Mariano Hueter): Entre la claustrofobia y el manual del suspenso"},"content":{"rendered":"<h3 class=\"wp-block-heading\">Llega &#8220;Pensamiento Lateral&#8221;, dirigida por Mariano Hueter. Un thriller psicol\u00f3gico que oscila entre grandes actuaciones y f\u00f3rmulas conocidas.<\/h3>\n\n\n\n<figure class=\"wp-block-image size-large\"><img loading=\"lazy\" decoding=\"async\" width=\"1024\" height=\"768\" src=\"https:\/\/criticanoespecializada.com.ar\/wp-content\/uploads\/2026\/04\/elenco-y-produccion-1024x768.jpeg\" alt=\"pensamiento lateral\" class=\"wp-image-11746\" title=\"\" srcset=\"https:\/\/criticanoespecializada.com.ar\/wp-content\/uploads\/2026\/04\/elenco-y-produccion-1024x768.jpeg 1024w, https:\/\/criticanoespecializada.com.ar\/wp-content\/uploads\/2026\/04\/elenco-y-produccion-300x225.jpeg 300w, https:\/\/criticanoespecializada.com.ar\/wp-content\/uploads\/2026\/04\/elenco-y-produccion-768x576.jpeg 768w, https:\/\/criticanoespecializada.com.ar\/wp-content\/uploads\/2026\/04\/elenco-y-produccion-1536x1152.jpeg 1536w, https:\/\/criticanoespecializada.com.ar\/wp-content\/uploads\/2026\/04\/elenco-y-produccion-16x12.jpeg 16w, https:\/\/criticanoespecializada.com.ar\/wp-content\/uploads\/2026\/04\/elenco-y-produccion.jpeg 1600w\" sizes=\"auto, (max-width: 1024px) 100vw, 1024px\" \/><\/figure>\n\n\n\n<p class=\"has-medium-font-size\" style=\"text-align: justify;\">Hay pel\u00edculas que no llegan a ser una obra maestra incomprendida ni un desastre total. Simplemente existen. En ese punto intermedio, donde uno se detiene a pensar en el cine, est\u00e1 <strong>Pensamiento Lateral<\/strong>, la apuesta de <a href=\"https:\/\/www.instagram.com\/marianohueter\/\" target=\"_blank\" rel=\"noopener\"><strong>Mariano Hueter<\/strong><\/a> por el <strong>thriller psicol\u00f3gico<\/strong>.<\/p>\n\n\n\n<p class=\"has-medium-font-size\">El punto de partida es innegablemente magn\u00e9tico. Encerrar a <strong>Itziar Itu\u00f1o<\/strong> en una f\u00e1brica abandonada frente a tres secuestradores, oblig\u00e1ndola a usar sus conocimientos psicol\u00f3gicos como herramienta de supervivencia, es un gancho espectacular. Itu\u00f1o le pone el cuerpo y la angustia a un rol pesad\u00edsimo, y por momentos, la din\u00e1mica opresiva funciona muy bien.<\/p>\n\n\n\n<p class=\"has-medium-font-size\" style=\"text-align: justify\">Sin embargo, con el paso del tiempo, la pel\u00edcula se apoya demasiado en su propio recurso.<\/p>\n\n\n\n<figure class=\"wp-block-embed is-type-video is-provider-youtube wp-block-embed-youtube wp-embed-aspect-16-9 wp-has-aspect-ratio\"><div class=\"wp-block-embed__wrapper\">\n<iframe loading=\"lazy\" title=\"&#039;Pensamiento lateral&#039;, de Mariano Hueter - Trailer\" width=\"1110\" height=\"624\" src=\"https:\/\/www.youtube.com\/embed\/ZFf3ID9RZpo?feature=oembed&#038;enablejsapi=1&#038;origin=https:\/\/criticanoespecializada.com.ar\" frameborder=\"0\" allow=\"accelerometer; autoplay; clipboard-write; encrypted-media; gyroscope; picture-in-picture; web-share\" referrerpolicy=\"strict-origin-when-cross-origin\" allowfullscreen><\/iframe>\n<\/div><\/figure>\n\n\n\n<p class=\"has-medium-font-size\" style=\"text-align: justify;\">El guion empieza a depender de conveniencias narrativas para mantener el motor andando. Si logr\u00e1s desconectar un poco la parte m\u00e1s exigente de tu cerebro y te dej\u00e1s llevar por el pacto que te propone Hueter, vas a encontrar un <a href=\"https:\/\/criticanoespecializada.com.ar\/en\/?s=cine+argentino\"><strong>cine nacional<\/strong><\/a> de g\u00e9nero muy bien filmado, con actuaciones s\u00f3lidas y un cl\u00edmax que cumple su prop\u00f3sito.<\/p>\n\n\n\n<p class=\"has-medium-font-size\">No es la pel\u00edcula que va a revolucionar tu forma de ver el cine de suspenso, pero es un viaje tenso que te mantiene en la butaca pregunt\u00e1ndote c\u00f3mo demonios van a salir de ah\u00ed. A veces, con eso alcanza.<\/p>","protected":false},"excerpt":{"rendered":"<p>Llega &#8220;Pensamiento Lateral&#8221;, dirigida por Mariano Hueter. Un thriller psicol\u00f3gico que oscila entre grandes actuaciones y f\u00f3rmulas conocidas.<\/p>","protected":false},"author":137,"featured_media":11746,"comment_status":"open","ping_status":"open","sticky":false,"template":"","format":"standard","meta":{"googlesitekit_rrm_CAownYrbCw:productID":"","footnotes":""},"categories":[2,54],"tags":[5,734,589,971,305,264],"class_list":["post-11719","post","type-post","status-publish","format-standard","has-post-thumbnail","hentry","category-cine-y-series","category-la-critica","tag-cine","tag-cine-nacional","tag-critica","tag-pensamiento-lateral","tag-series","tag-thriller"],"aioseo_notices":[],"_links":{"self":[{"href":"https:\/\/criticanoespecializada.com.ar\/en\/wp-json\/wp\/v2\/posts\/11719","targetHints":{"allow":["GET"]}}],"collection":[{"href":"https:\/\/criticanoespecializada.com.ar\/en\/wp-json\/wp\/v2\/posts"}],"about":[{"href":"https:\/\/criticanoespecializada.com.ar\/en\/wp-json\/wp\/v2\/types\/post"}],"author":[{"embeddable":true,"href":"https:\/\/criticanoespecializada.com.ar\/en\/wp-json\/wp\/v2\/users\/137"}],"replies":[{"embeddable":true,"href":"https:\/\/criticanoespecializada.com.ar\/en\/wp-json\/wp\/v2\/comments?post=11719"}],"version-history":[{"count":4,"href":"https:\/\/criticanoespecializada.com.ar\/en\/wp-json\/wp\/v2\/posts\/11719\/revisions"}],"predecessor-version":[{"id":11771,"href":"https:\/\/criticanoespecializada.com.ar\/en\/wp-json\/wp\/v2\/posts\/11719\/revisions\/11771"}],"wp:featuredmedia":[{"embeddable":true,"href":"https:\/\/criticanoespecializada.com.ar\/en\/wp-json\/wp\/v2\/media\/11746"}],"wp:attachment":[{"href":"https:\/\/criticanoespecializada.com.ar\/en\/wp-json\/wp\/v2\/media?parent=11719"}],"wp:term":[{"taxonomy":"category","embeddable":true,"href":"https:\/\/criticanoespecializada.com.ar\/en\/wp-json\/wp\/v2\/categories?post=11719"},{"taxonomy":"post_tag","embeddable":true,"href":"https:\/\/criticanoespecializada.com.ar\/en\/wp-json\/wp\/v2\/tags?post=11719"}],"curies":[{"name":"wp","href":"https:\/\/api.w.org\/{rel}","templated":true}]}}