{"id":11749,"date":"2026-04-30T16:27:54","date_gmt":"2026-04-30T19:27:54","guid":{"rendered":"https:\/\/criticanoespecializada.com.ar\/?p=11749"},"modified":"2026-04-30T16:27:56","modified_gmt":"2026-04-30T19:27:56","slug":"hablemos-del-caos","status":"publish","type":"post","link":"https:\/\/criticanoespecializada.com.ar\/en\/hablemos-del-caos\/","title":{"rendered":"Hablemos del Caos"},"content":{"rendered":"<h3 class=\"wp-block-heading has-text-align-left\">Un cierto caos golpea lo que cre\u00edamos estable. <strong>Urano saliendo de Tauro tras siete a\u00f1os La Luna Llena en Escorpio: el test emocional de un tr\u00e1nsito avasallante<\/strong><\/h3>\n\n\n<div class=\"wp-block-image\">\n<figure class=\"aligncenter size-large is-resized\"><img loading=\"lazy\" decoding=\"async\" width=\"768\" height=\"1024\" src=\"https:\/\/criticanoespecializada.com.ar\/wp-content\/uploads\/2026\/04\/WhatsApp-Image-2026-04-28-at-2.16.53-PM-768x1024.jpeg\" alt=\"caos\" class=\"wp-image-11752\" style=\"width:765px;height:auto\" title=\"\" srcset=\"https:\/\/criticanoespecializada.com.ar\/wp-content\/uploads\/2026\/04\/WhatsApp-Image-2026-04-28-at-2.16.53-PM-768x1024.jpeg 768w, https:\/\/criticanoespecializada.com.ar\/wp-content\/uploads\/2026\/04\/WhatsApp-Image-2026-04-28-at-2.16.53-PM-225x300.jpeg 225w, https:\/\/criticanoespecializada.com.ar\/wp-content\/uploads\/2026\/04\/WhatsApp-Image-2026-04-28-at-2.16.53-PM-1152x1536.jpeg 1152w, https:\/\/criticanoespecializada.com.ar\/wp-content\/uploads\/2026\/04\/WhatsApp-Image-2026-04-28-at-2.16.53-PM-9x12.jpeg 9w, https:\/\/criticanoespecializada.com.ar\/wp-content\/uploads\/2026\/04\/WhatsApp-Image-2026-04-28-at-2.16.53-PM.jpeg 1200w\" sizes=\"auto, (max-width: 768px) 100vw, 768px\" \/><figcaption class=\"wp-element-caption\"><strong><em>Observar el camino recorrido<\/em><\/strong><\/figcaption><\/figure>\n<\/div>\n\n\n<p>Por<a href=\"https:\/\/www.instagram.com\/beliylasestrellas\/\" target=\"_blank\" rel=\"noopener\"> Bel\u00e9n Puigb\u00f3<\/a>.<\/p>\n\n\n\n<hr class=\"wp-block-separator has-alpha-channel-opacity\"\/>\n\n\n\n<p class=\"has-medium-font-size\">Antes de analizar el panorama astral y ordenar este supuesto caos, es importante recordar que la carta natal es personal; por lo tanto, a cada persona le afecta de forma distinta. Para saber en qu\u00e9 \u00e1rea de tu vida se sentir\u00e1n estos movimientos, pod\u00e9s consultar gratis en www.astro.com. Pod\u00e9s ver, tambi\u00e9n, <a href=\"https:\/\/criticanoespecializada.com.ar\/en\/category\/teoria\/beli-las-estrellas\/\">otras notas astrol\u00f3gicas que hemos hecho<\/a>.<\/p>\n\n\n\n<p class=\"has-medium-font-size\" style=\"text-align: justify;\">Urano saliendo de Tauro cierra un ciclo de siete a\u00f1os de aprendizajes sobre lo que cre\u00edamos &#8220;seguro&#8221; o &#8220;estable&#8221;. Uso comillas porque entendimos que todo puede cambiar de un d\u00eda para el otro. Por ejemplo, entramos en una pandemia y la vida cambi\u00f3 de color para siempre. No solo ya no soy la misma, sino que ya no veo al mundo igual: cambiaron estructuras internas que hoy se reflejan afuera.<br \/>El cielo no viene a castigar. La vida sucede y cada cual recolecta herramientas para transitarla. Los astros nos hablan, pero no nos someten ni nos obligan; nosotros nos sometemos cuando elegimos repetir patrones. Ellos solo muestran lo que quiz\u00e1s no podemos ver. As\u00ed, los tr\u00e1nsitos presentan oportunidades: algunas pican y otras suavizan. En esta vida, la mirada lo es todo.<\/p>\n\n\n\n<p class=\"has-medium-font-size\" style=\"text-align: justify;\">A nivel mundial, el &#8220;rayo&#8221; saliendo de Tauro nos dio un vistazo de la cara del poder. Con Urano entrando en G\u00e9minis, la informaci\u00f3n deber\u00e1 ser revisada constantemente, dejando una sensaci\u00f3n de incredulidad. Ante tanto est\u00edmulo y desconfianza, es probable que baje el deseo de consumir noticias, oblig\u00e1ndonos a intentar &#8220;ver&#8221; de verdad y sostenernos en la materia. Ah\u00ed es donde podremos sentir a Tauro sin intermediarios: que la verdad caiga por su propio peso.<\/p>\n\n\n\n<p class=\"has-medium-font-size\" style=\"text-align: justify;\">La Luna Llena en Escorpio ser\u00e1 el 1 de mayo en el grado 11. Te comparto este dato para que busques en tu carta d\u00f3nde cae esta lunaci\u00f3n; all\u00ed entender\u00e1s qu\u00e9 \u00e1rea de tu vida te invita a transitar sombras y miedos. Ilumin\u00e1 esas sombras enfrent\u00e1ndolas: no son malas, vienen con una ense\u00f1anza. El mundo no es blanco o negro; simplemente es, y hay que aprender a mirarlo sin juicio.<\/p>\n\n\n\n<p class=\"has-medium-font-size\" style=\"text-align: justify;\">Como parte de la naturaleza, el humano necesita sus procesos: su noche, su d\u00eda, su sue\u00f1o y su movimiento. Nada es est\u00e1tico. Por eso, esta Luna te pregunta: en estos siete a\u00f1os, \u00bfqu\u00e9 aprendiste?, \u00bfest\u00e1s estancado nuevamente?, \u00bfesta situaci\u00f3n te sigue controlando? Es un examen riguroso, no lo voy a negar; por eso te invito a que tengas mucha delicadeza y firmeza con tu proceso.<\/p>\n\n\n<div class=\"wp-block-image\">\n<figure class=\"aligncenter size-large\"><img loading=\"lazy\" decoding=\"async\" width=\"1024\" height=\"768\" src=\"https:\/\/criticanoespecializada.com.ar\/wp-content\/uploads\/2026\/04\/WhatsApp-Image-2026-04-28-at-2.22.14-PM-1024x768.jpeg\" alt=\"caos\" class=\"wp-image-11753\" title=\"\" srcset=\"https:\/\/criticanoespecializada.com.ar\/wp-content\/uploads\/2026\/04\/WhatsApp-Image-2026-04-28-at-2.22.14-PM-1024x768.jpeg 1024w, https:\/\/criticanoespecializada.com.ar\/wp-content\/uploads\/2026\/04\/WhatsApp-Image-2026-04-28-at-2.22.14-PM-300x225.jpeg 300w, https:\/\/criticanoespecializada.com.ar\/wp-content\/uploads\/2026\/04\/WhatsApp-Image-2026-04-28-at-2.22.14-PM-768x576.jpeg 768w, https:\/\/criticanoespecializada.com.ar\/wp-content\/uploads\/2026\/04\/WhatsApp-Image-2026-04-28-at-2.22.14-PM-1536x1152.jpeg 1536w, https:\/\/criticanoespecializada.com.ar\/wp-content\/uploads\/2026\/04\/WhatsApp-Image-2026-04-28-at-2.22.14-PM-16x12.jpeg 16w, https:\/\/criticanoespecializada.com.ar\/wp-content\/uploads\/2026\/04\/WhatsApp-Image-2026-04-28-at-2.22.14-PM.jpeg 1600w\" sizes=\"auto, (max-width: 1024px) 100vw, 1024px\" \/><figcaption class=\"wp-element-caption\">Yo siendo parte del proceso<\/figcaption><\/figure>\n<\/div>\n\n\n<p class=\"has-medium-font-size\" style=\"text-align: justify;\">Nada fue en vano; solo fue un pelda\u00f1o m\u00e1s en el tablero. Tenete fe, mirate con ternura y misericordia. Abrazate para soltar el enojo y dejar de esparcirlo por el mundo. Seamos como el bosque, donde todos los seres se nutren entre s\u00ed en un orden natural y perfecto. <br \/>Dejalo ser.<\/p>\n\n\n\n<p class=\"has-medium-font-size\" style=\"text-align: justify;\"><br \/>Abrazo de estrellas.<\/p>\n\n\n\n<p class=\"has-medium-font-size\" style=\"text-align: justify;\"><a href=\"https:\/\/www.instagram.com\/mbeli88\/\" target=\"_blank\" rel=\"noopener\">Beli Puigb\u00f3<\/a><\/p>","protected":false},"excerpt":{"rendered":"<p>hablemos de caos. Urano saliendo de Tauro tras siete a\u00f1os La Luna Llena en Escorpio: el test emocional de un tr\u00e1nsito avasallante<\/p>","protected":false},"author":119,"featured_media":11752,"comment_status":"open","ping_status":"open","sticky":false,"template":"","format":"standard","meta":{"googlesitekit_rrm_CAownYrbCw:productID":"","footnotes":""},"categories":[1237,278,1],"tags":[1741,1744,1701,1740,1743,1742,1739],"class_list":["post-11749","post","type-post","status-publish","format-standard","has-post-thumbnail","hentry","category-beli-las-estrellas","category-teoria","category-uncategorized","tag-7-anos-de-aprendizajes","tag-astrologiaconsciente","tag-carta-natal","tag-luna-llena-en-escorpio","tag-sombras-y-miedos","tag-urano-en-geminis","tag-urano-saliendo-de-tauro"],"aioseo_notices":[],"_links":{"self":[{"href":"https:\/\/criticanoespecializada.com.ar\/en\/wp-json\/wp\/v2\/posts\/11749","targetHints":{"allow":["GET"]}}],"collection":[{"href":"https:\/\/criticanoespecializada.com.ar\/en\/wp-json\/wp\/v2\/posts"}],"about":[{"href":"https:\/\/criticanoespecializada.com.ar\/en\/wp-json\/wp\/v2\/types\/post"}],"author":[{"embeddable":true,"href":"https:\/\/criticanoespecializada.com.ar\/en\/wp-json\/wp\/v2\/users\/119"}],"replies":[{"embeddable":true,"href":"https:\/\/criticanoespecializada.com.ar\/en\/wp-json\/wp\/v2\/comments?post=11749"}],"version-history":[{"count":4,"href":"https:\/\/criticanoespecializada.com.ar\/en\/wp-json\/wp\/v2\/posts\/11749\/revisions"}],"predecessor-version":[{"id":11773,"href":"https:\/\/criticanoespecializada.com.ar\/en\/wp-json\/wp\/v2\/posts\/11749\/revisions\/11773"}],"wp:featuredmedia":[{"embeddable":true,"href":"https:\/\/criticanoespecializada.com.ar\/en\/wp-json\/wp\/v2\/media\/11752"}],"wp:attachment":[{"href":"https:\/\/criticanoespecializada.com.ar\/en\/wp-json\/wp\/v2\/media?parent=11749"}],"wp:term":[{"taxonomy":"category","embeddable":true,"href":"https:\/\/criticanoespecializada.com.ar\/en\/wp-json\/wp\/v2\/categories?post=11749"},{"taxonomy":"post_tag","embeddable":true,"href":"https:\/\/criticanoespecializada.com.ar\/en\/wp-json\/wp\/v2\/tags?post=11749"}],"curies":[{"name":"wp","href":"https:\/\/api.w.org\/{rel}","templated":true}]}}