{"id":11758,"date":"2026-04-29T23:51:28","date_gmt":"2026-04-30T02:51:28","guid":{"rendered":"https:\/\/criticanoespecializada.com.ar\/?p=11758"},"modified":"2026-04-29T23:51:33","modified_gmt":"2026-04-30T02:51:33","slug":"la-frecuencia-kirlian-resena","status":"publish","type":"post","link":"https:\/\/criticanoespecializada.com.ar\/en\/la-frecuencia-kirlian-resena\/","title":{"rendered":"RESE\u00d1A &#8211; &#8220;LA FRECUENCIA KIRLIAN&#8221; (Dir. Cristian Ponce)"},"content":{"rendered":"<div class=\"wp-block-image\">\n<figure class=\"aligncenter size-full is-resized\"><img loading=\"lazy\" decoding=\"async\" width=\"1344\" height=\"1920\" src=\"https:\/\/criticanoespecializada.com.ar\/wp-content\/uploads\/2026\/04\/unnamed.png\" alt=\"POSTER\" class=\"wp-image-11759\" style=\"width:584px;height:auto\" title=\"\" srcset=\"https:\/\/criticanoespecializada.com.ar\/wp-content\/uploads\/2026\/04\/unnamed.png 1344w, https:\/\/criticanoespecializada.com.ar\/wp-content\/uploads\/2026\/04\/unnamed-210x300.png 210w, https:\/\/criticanoespecializada.com.ar\/wp-content\/uploads\/2026\/04\/unnamed-717x1024.png 717w, https:\/\/criticanoespecializada.com.ar\/wp-content\/uploads\/2026\/04\/unnamed-768x1097.png 768w, https:\/\/criticanoespecializada.com.ar\/wp-content\/uploads\/2026\/04\/unnamed-1075x1536.png 1075w, https:\/\/criticanoespecializada.com.ar\/wp-content\/uploads\/2026\/04\/unnamed-8x12.png 8w\" sizes=\"auto, (max-width: 1344px) 100vw, 1344px\" \/><\/figure>\n<\/div>\n\n\n<h2 class=\"wp-block-heading has-text-align-center\">&#8220;\u00bfEST\u00c1N LISTOS PARA ESCUCHAR UNA HISTORIA DE TERROR?&#8221;<\/h2>\n\n\n\n<p><strong>Cristi\u00e1n Ponce<\/strong>, responsable de la serie original, vuelve a este universo con una propuesta que no busca ser simplemente una adaptaci\u00f3n, sino el capitulo definitivo para ese pueblo maldito donde la radio nunca deja de transmitir, incluso cuando deber\u00eda hacerlo.<br>El concepto sigue siendo el mismo que en la serie animada: Relatos independientes conectados por una voz en la oscuridad, pero ac\u00e1 todo tiene un peso mayor.<br>Cristi\u00e1n Ponce ya hab\u00eda demostrado con <strong>&#8220;Historia de lo oculto&#8221; (2020)<\/strong> que sabe jugar con el lenguaje del g\u00e9nero desde un lugar muy personal: mezcla de nostalgia, cr\u00edtica a la sociedad y horror. Ac\u00e1 redobla la apuesta. <strong>&#8220;La Frecuencia Kirlian: La Pelicula&#8221;<\/strong> mantiene la estructura antol\u00f3gica y el relato radial. Aunque suma algo clave: Cinematograf\u00eda.<br>Hay una evoluci\u00f3n clara en el dise\u00f1o sonoro, la construcci\u00f3n de tensi\u00f3n entre historias y una sensaci\u00f3n constante de que todo est\u00e1 conectado, aunque no lo parezca. No es casual que la pelicula de la sensaci\u00f3n de homenajear a cl\u00e1sicos como <strong>The Twilight Zone (1959)<\/strong> o <strong>Creepshow (1982)<\/strong>.<br>En cuanto a las actuaciones y voces protag\u00f3nicas, existe un gran elenco que acompa\u00f1a bien el tono de cada historia presentada, al igual que var\u00edan sus personalidades, lo que transforma la experiencia en algo \u00fanico y para nada repetitivo. Dato interesante: varios nombres del elenco y equipo ya ven\u00edan trabajando con Ponce desde sus proyectos anteriores, consolidando una especie de \u201ccompa\u00f1\u00eda Kirlian\u201d.<\/p>\n\n\n<div class=\"wp-block-image\">\n<figure class=\"aligncenter size-full is-resized\"><img loading=\"lazy\" decoding=\"async\" width=\"1638\" height=\"686\" src=\"https:\/\/criticanoespecializada.com.ar\/wp-content\/uploads\/2026\/04\/unnamed-2.png\" alt=\"IMAGEN1\" class=\"wp-image-11760\" style=\"width:666px;height:auto\" title=\"\" srcset=\"https:\/\/criticanoespecializada.com.ar\/wp-content\/uploads\/2026\/04\/unnamed-2.png 1638w, https:\/\/criticanoespecializada.com.ar\/wp-content\/uploads\/2026\/04\/unnamed-2-300x126.png 300w, https:\/\/criticanoespecializada.com.ar\/wp-content\/uploads\/2026\/04\/unnamed-2-1024x429.png 1024w, https:\/\/criticanoespecializada.com.ar\/wp-content\/uploads\/2026\/04\/unnamed-2-768x322.png 768w, https:\/\/criticanoespecializada.com.ar\/wp-content\/uploads\/2026\/04\/unnamed-2-1536x643.png 1536w, https:\/\/criticanoespecializada.com.ar\/wp-content\/uploads\/2026\/04\/unnamed-2-18x8.png 18w\" sizes=\"auto, (max-width: 1638px) 100vw, 1638px\" \/><\/figure>\n<\/div>\n\n\n<p>Como producci\u00f3n demuestra que no se necesita mostrar espectacularidad con un presupuesto abultado, con ser originales y creativos basta para acomodarse contar una historia, eso se demuestra a lo largo de todo metraje; en donde las escenas con actores reales se lucen al ser presentados bajo una direcci\u00f3n de arte maravillosa, los colores y posicionamiento de c\u00e1maras, adem\u00e1s del uso del silencio, la m\u00fasica y los subt\u00edtulos por parte de la edici\u00f3n, ni hablar de los relatos animados de los cuales se mantienen fieles al estilo original de la serie y adem\u00e1s aportan mas de lo que ya se conoc\u00eda previamente.<br>Si hay algo que <strong>&#8220;La Frecuencia Kirlian&#8221;<\/strong> hace mejor que la mayor\u00eda del cine argentino de g\u00e9nero es entender la atm\u00f3sfera. El uso del sonido no es decorativo: Es narrativo, la radio es el coraz\u00f3n del relato, adem\u00e1s el misterio nunca se explica del todo y eso es un acierto. Relatos cortos pero efectivos, ideas simples con ejecuci\u00f3n inquietante y un terror m\u00e1s sugerido que expl\u00edcito.<br><strong>En Conclusi\u00f3n<\/strong>, <strong>&#8220;La Frecuencia Kirlian&#8221;<\/strong> busca ser fiel a su identidad Y lo logra. Es una pel\u00edcula que se siente como escuchar radio a las 3 de la ma\u00f1ana, fragmentada, inquietante e hipn\u00f3tica. Para los que ya ven\u00edan siguiendo este universo, esta pelicula funciona prefecta. Para los nuevos, puede ser una puerta de entrada maravillosa.<\/p>\n\n\n\n<h2 class=\"wp-block-heading has-text-align-center\">VALIDACI\u00d3N: Rel\u00e1jate y d\u00e9jate llevar por las historias.<\/h2>\n\n\n<div class=\"wp-block-image\">\n<figure class=\"aligncenter size-full is-resized\"><img loading=\"lazy\" decoding=\"async\" width=\"1638\" height=\"686\" src=\"https:\/\/criticanoespecializada.com.ar\/wp-content\/uploads\/2026\/04\/unnamed-1.png\" alt=\"IMAGEN2\" class=\"wp-image-11761\" style=\"width:665px;height:auto\" title=\"\" srcset=\"https:\/\/criticanoespecializada.com.ar\/wp-content\/uploads\/2026\/04\/unnamed-1.png 1638w, https:\/\/criticanoespecializada.com.ar\/wp-content\/uploads\/2026\/04\/unnamed-1-300x126.png 300w, https:\/\/criticanoespecializada.com.ar\/wp-content\/uploads\/2026\/04\/unnamed-1-1024x429.png 1024w, https:\/\/criticanoespecializada.com.ar\/wp-content\/uploads\/2026\/04\/unnamed-1-768x322.png 768w, https:\/\/criticanoespecializada.com.ar\/wp-content\/uploads\/2026\/04\/unnamed-1-1536x643.png 1536w, https:\/\/criticanoespecializada.com.ar\/wp-content\/uploads\/2026\/04\/unnamed-1-18x8.png 18w\" sizes=\"auto, (max-width: 1638px) 100vw, 1638px\" \/><\/figure>\n<\/div>\n\n\n<h2 class=\"wp-block-heading has-text-align-center\">Sinopsis:<\/h2>\n\n\n\n<p class=\"has-text-align-center\">Un enigm\u00e1tico programa de radio nocturno que transmite historias extra\u00f1as. A trav\u00e9s de relatos llenos de terror y la influencia de su misterioso locutor, La Frecuencia Kirlian revela un mundo donde lo paranormal es habitual y lo siniestro acecha en cada rinc\u00f3n.<\/p>\n\n\n\n<h2 class=\"wp-block-heading has-text-align-center\">Ficha T\u00e9cnica:<\/h2>\n\n\n\n<p class=\"has-text-align-center\">Direcci\u00f3n: CRISTIAN PONCE<br>Guion: HERN\u00c1N BENGOA, CRISTIAN PONCE<br>Producci\u00f3n: PEDRO SAIEG<br>Producci\u00f3n Ejecutiva: ADRI\u00c1N GARELIK<br>Co-Producci\u00f3n: GABRIEL GUZM\u00c1N<br>Coordinador de Producci\u00f3n: SERGIO SOSA (Flixxo)<br>ELENCO:<br>Adriana Ferrer | Gladys Mounier<br>Luciano Guglielmino | Julio Vergara<br>Luc\u00eda Arreche | Paz N\u00fa\u00f1ez<br>Germ\u00e1n Baudino | Vicente Larrosa<br>Edgardo Desimone | Abel Eldritch<br>Nicol\u00e1s Van De Moortele y Nicol\u00e1s P\u00e9rez | Locutor<br>Asistente de Direcci\u00f3n: LARA SADE<br>Direcci\u00f3n de Fotograf\u00eda: FRANCO CERANA (ADF)<br>Direcci\u00f3n de Sonido: HERN\u00c1N BIASOTTI (ASA)<br>M\u00fasica Original: MARCELO CATALDO<br>Direcci\u00f3n de Arte y Jefe de Ilustradores: HERN\u00c1N BENGOA<br>Ilustradores: IVANA CALAMITA, MATEO QUINTEROS, FEDERICA SU\u00c1REZ<br>Coordinaci\u00f3n de Post-Producci\u00f3n y Jefe de Animaci\u00f3n: TEO PALVI<br>Animaci\u00f3n: GUIDO DE PAOLI, GABRIEL AQUILA, EMANUEL DE LA FUENTE<br>Composici\u00f3n: GERM\u00c1N BRITOS<br>Montaje: HERN\u00c1N BIASOTTI, CRISTIAN PONCE<br>Correcci\u00f3n de Color: JUANA SOLASSI (AAC)<br>Distribuye: TERROR\u00cdFICO FILMS<\/p>\n\n\n\n<h2 class=\"wp-block-heading has-text-align-center\">Trailer:<\/h2>\n\n\n\n<figure class=\"wp-block-embed aligncenter is-type-video is-provider-youtube wp-block-embed-youtube wp-embed-aspect-16-9 wp-has-aspect-ratio\"><div class=\"wp-block-embed__wrapper\">\n<iframe loading=\"lazy\" title=\"La Frecuencia Kirlian | Trailer Oficial (Eng Subs)\" width=\"1110\" height=\"624\" src=\"https:\/\/www.youtube.com\/embed\/DdZD4TOjVd4?feature=oembed\" frameborder=\"0\" allow=\"accelerometer; autoplay; clipboard-write; encrypted-media; gyroscope; picture-in-picture; web-share\" referrerpolicy=\"strict-origin-when-cross-origin\" allowfullscreen><\/iframe>\n<\/div><\/figure>\n\n\n\n<p class=\"has-text-align-center\">Si quer\u00e9s leer m\u00e1s cr\u00edticas como esta, pod\u00e9s ver nuestras rese\u00f1as ac\u00e1:<br><a href=\"https:\/\/criticanoespecializada.com.ar\/en\/author\/erik-mukowoz\/\">Erik Mukowoz &#8211; CnE<\/a><\/p>\n\n\n\n<p class=\"has-text-align-right\">Por&nbsp;<strong><a href=\"https:\/\/instagram.com\/erikmukowoz\" target=\"_blank\" rel=\"noreferrer noopener\">Erik Mukowoz<\/a><\/strong><\/p>","protected":false},"excerpt":{"rendered":"<p>&#8220;\u00bfEST\u00c1N LISTOS PARA ESCUCHAR UNA HISTORIA DE TERROR?&#8221; Cristi\u00e1n Ponce, responsable de la serie original, vuelve a este universo con una propuesta que no busca ser simplemente una adaptaci\u00f3n, sino&hellip; <\/p>","protected":false},"author":52,"featured_media":11763,"comment_status":"open","ping_status":"open","sticky":false,"template":"","format":"standard","meta":{"googlesitekit_rrm_CAownYrbCw:productID":"","footnotes":""},"categories":[2,54],"tags":[1707,5,156,6,260],"class_list":["post-11758","post","type-post","status-publish","format-standard","has-post-thumbnail","hentry","category-cine-y-series","category-la-critica","tag-1707","tag-cine","tag-cine-argentino","tag-criticas","tag-terror"],"aioseo_notices":[],"_links":{"self":[{"href":"https:\/\/criticanoespecializada.com.ar\/en\/wp-json\/wp\/v2\/posts\/11758","targetHints":{"allow":["GET"]}}],"collection":[{"href":"https:\/\/criticanoespecializada.com.ar\/en\/wp-json\/wp\/v2\/posts"}],"about":[{"href":"https:\/\/criticanoespecializada.com.ar\/en\/wp-json\/wp\/v2\/types\/post"}],"author":[{"embeddable":true,"href":"https:\/\/criticanoespecializada.com.ar\/en\/wp-json\/wp\/v2\/users\/52"}],"replies":[{"embeddable":true,"href":"https:\/\/criticanoespecializada.com.ar\/en\/wp-json\/wp\/v2\/comments?post=11758"}],"version-history":[{"count":5,"href":"https:\/\/criticanoespecializada.com.ar\/en\/wp-json\/wp\/v2\/posts\/11758\/revisions"}],"predecessor-version":[{"id":11768,"href":"https:\/\/criticanoespecializada.com.ar\/en\/wp-json\/wp\/v2\/posts\/11758\/revisions\/11768"}],"wp:featuredmedia":[{"embeddable":true,"href":"https:\/\/criticanoespecializada.com.ar\/en\/wp-json\/wp\/v2\/media\/11763"}],"wp:attachment":[{"href":"https:\/\/criticanoespecializada.com.ar\/en\/wp-json\/wp\/v2\/media?parent=11758"}],"wp:term":[{"taxonomy":"category","embeddable":true,"href":"https:\/\/criticanoespecializada.com.ar\/en\/wp-json\/wp\/v2\/categories?post=11758"},{"taxonomy":"post_tag","embeddable":true,"href":"https:\/\/criticanoespecializada.com.ar\/en\/wp-json\/wp\/v2\/tags?post=11758"}],"curies":[{"name":"wp","href":"https:\/\/api.w.org\/{rel}","templated":true}]}}