{"id":12052,"date":"2026-09-04T18:17:41","date_gmt":"2026-09-04T21:17:41","guid":{"rendered":"https:\/\/criticanoespecializada.com.ar\/?p=12052"},"modified":"2026-09-04T18:24:09","modified_gmt":"2026-09-04T21:24:09","slug":"waymor-girl-band","status":"publish","type":"post","link":"https:\/\/criticanoespecializada.com.ar\/en\/waymor-girl-band\/","title":{"rendered":"Waymor: La girl band de rock que quiere romper los prejuicios del la escena musical en interior del pa\u00eds"},"content":{"rendered":"<h2 class=\"wp-block-heading\"><a href=\"https:\/\/www.instagram.com\/waymoroficial\/\" target=\"_blank\" rel=\"noopener\">Waymor<\/a> Es una banda de rock conformada solo por mujeres de la provincia de Mendoza. Su \u00e1lbum ya est\u00e1 en en puerta y su sencillo <a href=\"https:\/\/open.spotify.com\/intl-es\/track\/2vbkanJ0DWfI7VJuKmtGkL?si=4969b8dbc92b4f57\" target=\"_blank\" rel=\"noopener\">&#8220;Masacre&#8221;<\/a> suma cientos de escuchas en las principales plataformas digitales. <\/h2>\n\n\n\n<figure class=\"wp-block-image size-large\"><img loading=\"lazy\" decoding=\"async\" width=\"1024\" height=\"683\" src=\"https:\/\/criticanoespecializada.com.ar\/wp-content\/uploads\/2026\/09\/DSC01338-1-1024x683.jpg\" alt=\"Waymor\" class=\"wp-image-12053\" title=\"\" srcset=\"https:\/\/criticanoespecializada.com.ar\/wp-content\/uploads\/2026\/09\/DSC01338-1-1024x683.jpg 1024w, https:\/\/criticanoespecializada.com.ar\/wp-content\/uploads\/2026\/09\/DSC01338-1-300x200.jpg 300w, https:\/\/criticanoespecializada.com.ar\/wp-content\/uploads\/2026\/09\/DSC01338-1-768x512.jpg 768w, https:\/\/criticanoespecializada.com.ar\/wp-content\/uploads\/2026\/09\/DSC01338-1-1536x1024.jpg 1536w, https:\/\/criticanoespecializada.com.ar\/wp-content\/uploads\/2026\/09\/DSC01338-1-18x12.jpg 18w, https:\/\/criticanoespecializada.com.ar\/wp-content\/uploads\/2026\/09\/DSC01338-1-2048x1365.jpg 2048w\" sizes=\"auto, (max-width: 1024px) 100vw, 1024px\" \/><\/figure>\n\n\n\n<p class=\"has-medium-font-size\">Por Ezequiel Olasagasti<\/p>\n\n\n\n<hr class=\"wp-block-separator has-alpha-channel-opacity\"\/>\n\n\n\n<p class=\"has-medium-font-size\" style=\"text-align: justify;\"><strong>Waymor<\/strong> naci\u00f3 este a\u00f1o como un ave f\u00e9nix. Renaci\u00f3 de la cenizas de un proyecto anterior que no lleg\u00f3 a despegar por cosas de la vida y el destino. Pero <a href=\"https:\/\/www.instagram.com\/sosothiery\/\" target=\"_blank\" rel=\"noopener\"><strong>Sof\u00eda \u201cSoso\u201d Thierry<\/strong> <\/a>(voz y guitarra), <a href=\"https:\/\/www.instagram.com\/soffdenn\/\" target=\"_blank\" rel=\"noopener\"><strong>Sof\u00eda Denis<\/strong><\/a> (bajo) y <a href=\"https:\/\/www.instagram.com\/ampipiifernandez\/\" target=\"_blank\" rel=\"noopener\"><strong>Amparo Fern\u00e1ndez<\/strong><\/a> (bater\u00eda) se rehusaron a bajar los brazos. Lleg\u00f3 la incorporaci\u00f3n de <a href=\"https:\/\/www.instagram.com\/anamai.guevara\/\" target=\"_blank\" rel=\"noopener\"><strong>Ana Mait\u00e9n Guevara<\/strong><\/a> (guitarra) para cerrar este cuarteto formado solo por chicas.<\/p>\n\n\n\n<p class=\"has-medium-font-size\" style=\"text-align: justify;\"><strong>Waymor<\/strong> construye su identidad a partir de canciones atravesadas por emociones intensas, v\u00ednculos, contradicciones y experiencias reales. Con influencias del rock argentino y del rock alternativo moderno, la banda combina guitarras potentes, melod\u00edas emocionales y letras directas que recorren el amor, la traici\u00f3n, la frustraci\u00f3n, la rabia, la vulnerabilidad y la b\u00fasqueda de identidad.<\/p>\n\n\n\n<p class=\"has-medium-font-size\" style=\"text-align: justify;\">Las chicas hablaron con <a href=\"https:\/\/criticanoespecializada.com.ar\/en\/category\/cine-y-series\/entrevistas\/\">Cr\u00edtica no especializada<\/a> sobre este nuevo resurgir, la construcci\u00f3n de su sonido y la lucha constante contra un under musical de mente cerrado que prejuzga a una banda &#8220;solo de chicas&#8221;.<\/p>\n\n\n\n<!--more-->\n\n\n\n<p class=\"has-medium-font-size\" style=\"text-align: justify;\"><strong>\u00bfC\u00f3mo empezaron con la m\u00fasica?<\/strong><\/p>\n\n\n\n<p class=\"has-medium-font-size\" style=\"text-align: justify;\"><strong>Soso:<\/strong> Yo con la m\u00fasica empec\u00e9 hace unos cuatro a\u00f1os se podr\u00eda decir. Todas somos muy fans de<strong> Airbag<\/strong> y cuando los vi me llam\u00f3 mucho la atenci\u00f3n. O sea, c\u00f3mo tocaban Pato y Guido. Me empec\u00e9 a obsesionar, con esa idea de querer tocar un instrumento. Nunca hab\u00eda tocado ning\u00fan instrumento. Pero verlos a ellos es como que me inspir\u00f3 autom\u00e1ticamente. Entonces fui y me compr\u00e9 mi primera guitarra. A medida que pasaba el tiempo me enamor\u00e9 del instrumento y empec\u00e9 a componer y crear canciones.<\/p>\n\n\n\n<p class=\"has-medium-font-size\" style=\"text-align: justify;\"><strong>Amparo:<\/strong> De m\u00e1s chica ten\u00eda como un popurr\u00ed en la cabeza. M\u00ed mam\u00e1 escuchaba, m\u00e1s o menos, la m\u00fasica que escucho yo, pero mi pap\u00e1 era m\u00e1s del cuarteto, folclore y eso. En la secundar\u00eda empec\u00e9 a formar lo que ser\u00eda mi gusto musical con Cerati, los Smiths, etc. En primaria ten\u00eda taller de guitarra y fue como el primer acercamiento. Lo deje pero m\u00e1s o menos en 2023 vi que hab\u00eda una guitarra criolla en casa y comenc\u00e9 a sacar temas de Airbag, Like a Stone de Audioslave.<\/p>\n\n\n\n<p class=\"has-medium-font-size\" style=\"text-align: justify;\">Recuerdo que tuve un recital de <strong>Airbag<\/strong>, fue el primero de diciembre de 2023. Siempre lo cuento porque, a nivel objetivo mis bandas favoritas son los redondos o Soda, pero los n\u00fameros uno son <strong>Airbag<\/strong> porque tengo una conexi\u00f3n emocional muy fuerte. Yo la ven\u00eda pasando muy mal, no me pod\u00eda recuperar de algo que estaba padeciendo. Fui a ese recital y vi a Guido tocando la bater\u00eda y dije: \u201cEs esto. Realmente es esto\u201d. Al tipo se lo ve\u00eda tan feliz y pas\u00e1ndola tan bien que dije \u201cEs esto\u201d.<\/p>\n\n\n\n<p class=\"has-medium-font-size\" style=\"text-align: justify;\">Al otro d\u00eda agarr\u00e9 todas las cacerolas de casa e improvis\u00e9. Despu\u00e9s le dije a mi mam\u00e1 que me iba a comprar una bater\u00eda con la plata que hab\u00eda juntado por mi cumplea\u00f1os de 15.\u00a0 Ella me dijo \u201cNo, no te dejo\u201d. A los dos meses, me pas\u00e9 lo que me dijo mam\u00e1 por cualquier lado y me compr\u00e9 la bater\u00eda (risas).<\/p>\n\n\n\n<p class=\"has-medium-font-size\" style=\"text-align: justify;\"><strong>Sofi:<\/strong> Toda mi vida estuve rodeada de la m\u00fasica por parte de mis padres. Desde chiquita me pon\u00edan en la computadora y me mostraban todos los videos musicales. Siempre tuve la influencia. Mi pap\u00e1 tocaba la guitarra ac\u00fastica y el teclado. A los 12 la agarr\u00e9 la guitarra ac\u00fastica y, por curiosidad, me propuse sacar uno de los temas de <strong>Metallica<\/strong> que era mi banda favorita. Empec\u00e9 con el arpegio de <em><strong>\u201cNothings else maters\u201d<\/strong><\/em>. Y desde ah\u00ed estoy con la guitarra.<\/p>\n\n\n\n<p class=\"has-medium-font-size\" style=\"text-align: justify;\">Ahora hace tres a\u00f1os que me met\u00ed en el bajo, porque tengo admiraci\u00f3n por los instrumentos. Admiro todo y los valoro a todos y siempre voy a tener curiosidad por tocarlos todos de hecho en mi casa siempre est\u00e1 rodeada de instrumentos. Nunca pens\u00e9 que me iba a meter en una banda, nunca se me cruz\u00f3. Pero mi plan es hacer m\u00fasica, porque todo el tiempo es lo que siempre m\u00e1s me gust\u00f3.<\/p>\n\n\n\n<p class=\"has-medium-font-size\" style=\"text-align: justify;\"><strong>Ana:<\/strong> Tambi\u00e9n, desde bien chiquitita que tuve mucha conexi\u00f3n con el arte en general. <strong>No solo instrumentos, tambi\u00e9n la voz, el baile, la pintura y todo eso. Siempre me tir\u00e9 m\u00e1s para el lado art\u00edstico digamos<\/strong>. A los ocho, m\u00e1s o menos, empec\u00e9 en un coro, tambi\u00e9n hac\u00eda teatro, hac\u00eda artes visuales, hac\u00eda de todo. A los quince empec\u00e9 a tocar la guitarra y, bueno, empec\u00e9 a estar con varios instrumentos, el teclado, el bajo tambi\u00e9n me gusta mucho.<\/p>\n<p class=\"has-medium-font-size\" style=\"text-align: justify;\">Estoy estudiando para poder sustentarme, como que no quedara la deriva si llega a pasar algo, pero me gusta la m\u00fasica. Eso es lo que quiero hacer, es de lo que quiero vivir tambi\u00e9n.<\/p>\n\n\n\n<p class=\"has-medium-font-size\"><strong>\u00bfC\u00f3mo nace Waymore?<\/strong><\/p>\n\n\n\n<p class=\"has-medium-font-size\" style=\"text-align: justify;\">El 13 de marzo del a\u00f1o pasado. La idea era crear una banda de rock y el punto era buscar que seamos influyente. <strong>Creemos que hay poquitas bandas de mujeres. Quiz\u00e1, reci\u00e9n ahora se ven m\u00e1s.<\/strong> Empezamos a ensayar, todo. Hab\u00eda otra integrante antes, pero como no apunt\u00e1bamos a un mismo lugar con el proyecto, nosotras nos abrimos. Todo bien, solo que hab\u00eda dos corrientes muy distintas. Ah\u00ed decidimos las tres construir este proyecto nuevo.<\/p>\n\n\n\n<p class=\"has-medium-font-size\"><strong>\u00bfYa eran amigas de antes?<\/strong><\/p>\n\n\n\n<p class=\"has-medium-font-size\" style=\"text-align: justify;\"><strong>Soso:<\/strong> <strong>Nosotras nos conocimos literalmente armando la otra banda.<\/strong> Empec\u00e9 yo con esta otra chica que te dec\u00edamos, y nos pusimos a buscar otras chicas en el instituto. Ah\u00ed encontramos a la Amparo y a la Sof\u00eda que es la bajista. Eran parte del mismo instituto donde aprend\u00edan m\u00fasica. <strong>El primer encuentro fue directamente en la sala de ensayo.<\/strong><\/p>\n\n\n\n<p class=\"has-medium-font-size\" style=\"text-align: justify;\"><strong>Amparo:<\/strong> Fue loco. Con la Sofi \u00edbamos al mismo instituto, pero nunca nos cruzamos. Con la Soso tampoco hab\u00edamos cruzado palabra nunca, pero ella tiene <strong>un video del recital de Airbag del 2024 y yo salgo de fondo atr\u00e1s de ella. O sea, est\u00e1bamos juntas sin saber que en un par de meses \u00edbamos a estar compartiendo un proyecto musical.<\/strong><\/p>\n\n\n\n<p class=\"has-medium-font-size\" style=\"text-align: justify;\"><strong>Pero faltaba Ana \u00bfNo?<\/strong><\/p>\n\n\n\n<p class=\"has-medium-font-size\" style=\"text-align: justify;\">Empezamos a ensamblar el proyecto nosotras tres, de a poco, pero nos faltaba un refuerzo. De a tres solo es complicado. A nivel musical y a nivel de todo lo que quer\u00edamos aportar. Necesit\u00e1bamos otra guitarrista s\u00ed o s\u00ed. Ah\u00ed conseguimos a Ana, la nueva adquisici\u00f3n de la banda (Risas). Hace un par de meses que estamos con ella y as\u00ed es como termin\u00f3 de armarse el grupo.<\/p>\n\n\n\n<div style=\"height:10px\" aria-hidden=\"true\" class=\"wp-block-spacer\"><\/div>\n\n\n<div class=\"wp-block-image\">\n<figure class=\"aligncenter size-large\"><img loading=\"lazy\" decoding=\"async\" width=\"1024\" height=\"683\" src=\"https:\/\/criticanoespecializada.com.ar\/wp-content\/uploads\/2026\/09\/TRF_8893-1024x683.jpeg\" alt=\"waymor\" class=\"wp-image-12055\" title=\"\" srcset=\"https:\/\/criticanoespecializada.com.ar\/wp-content\/uploads\/2026\/09\/TRF_8893-1024x683.jpeg 1024w, https:\/\/criticanoespecializada.com.ar\/wp-content\/uploads\/2026\/09\/TRF_8893-300x200.jpeg 300w, https:\/\/criticanoespecializada.com.ar\/wp-content\/uploads\/2026\/09\/TRF_8893-768x512.jpeg 768w, https:\/\/criticanoespecializada.com.ar\/wp-content\/uploads\/2026\/09\/TRF_8893-1536x1024.jpeg 1536w, https:\/\/criticanoespecializada.com.ar\/wp-content\/uploads\/2026\/09\/TRF_8893-18x12.jpeg 18w, https:\/\/criticanoespecializada.com.ar\/wp-content\/uploads\/2026\/09\/TRF_8893-2048x1365.jpeg 2048w\" sizes=\"auto, (max-width: 1024px) 100vw, 1024px\" \/><\/figure>\n<\/div>\n\n\n<blockquote class=\"wp-block-quote is-layout-flow wp-block-quote-is-layout-flow\">\n<p class=\"has-vivid-red-color has-text-color has-link-color has-medium-font-size wp-elements-1 wp-block-paragraph\"><strong><em>Hay mucha gente que piensa que se le va el tiempo, que ya es tarde para empezar. Nosotras somos todas aprendices y queremos que la gente vea que se puede hacer algo lindo mientras se est\u00e1 aprendiendo. Que no hace falta que seas un s\u00faper dotado.<\/em><\/strong><\/p>\n<\/blockquote>\n\n\n\n<div style=\"height:10px\" aria-hidden=\"true\" class=\"wp-block-spacer\"><\/div>\n\n\n\n<p class=\"has-medium-font-size\"><strong>\u00bfQu\u00e9 significa eso que dijeron de que \u201cSu objetivo es influir\u201d?<\/strong><\/p>\n\n\n\n<p class=\"has-medium-font-size\" style=\"text-align: justify;\">Claramente el objetivo principal es poder disfrutar la m\u00fasica, porque si no nos gustara la m\u00fasica no estar\u00edamos ac\u00e1. <strong>Queremos repercutir en j\u00f3venes, que les den ganas de agarrar un instrumento antes que seguir con el telefonito<\/strong>. Nos da orgullo que llevamos poco tiempo en esto que nos apasiona. <strong>Sabemos que la m\u00fasica lleva mucho tiempo, pero ninguna de nosotras empez\u00f3 a los 5 a\u00f1os. Nos gusta esa idea de que pod\u00e9s empezar en cualquier momento con lo que te gusta y hacer algo grande con eso.<\/strong> Hay mucha gente que piensa que se le va el tiempo, que ya es tarde para empezar. <strong>Nosotras somos todas aprendices y queremos que la gente vea que se puede hacer algo lindo mientras se est\u00e1 aprendiendo. Que no hace falta que seas un s\u00faper dotado.<\/strong><\/p>\n\n\n\n<p class=\"has-medium-font-size\"><strong>Y \u00bfpor qu\u00e9 la gente no se anima?<\/strong><\/p>\n\n\n\n<p class=\"has-medium-font-size\" style=\"text-align: justify;\">La gente tiene verg\u00fcenza de mostrarse. Nosotras subimos videos y nos dicen algunos que les damos <em>\u201ccringe\u201d<\/em>. Pero preferimos mostrarnos y sentirnos en nuestro ambiente seguro. Y mostrarle a la gente que esos ambientes est\u00e1n. <strong>Queremos ser un grupo que se sienta cercano con el p\u00fablico. No un \u00eddolo intocable.<\/strong><\/p>\n\n\n\n<p class=\"has-medium-font-size\"><strong>\u00bfSon todas de Mendoza?<\/strong><\/p>\n\n\n\n<p class=\"has-medium-font-size\" style=\"text-align: justify;\">S\u00ed.<\/p>\n\n\n\n<p class=\"has-medium-font-size\" style=\"text-align: justify;\"><strong>Ana:<\/strong> Yo soy de Jos\u00e9 Le\u00f3n Su\u00e1rez, pero hace m\u00e1s tiempo que vivo ac\u00e1. Ya soy m\u00e1s mendocina.<\/p>\n\n\n\n<p class=\"has-medium-font-size\" style=\"text-align: justify;\"><strong>\u00bfC\u00f3mo es el tema del rock en el interior? Porque no vamos a negar que hay una hegemon\u00eda de Buenos Aires para todo \u00bfC\u00f3mo viven eso?<\/strong><\/p>\n\n\n\n<p class=\"has-medium-font-size\" style=\"text-align: justify;\">Cuando alguien de ac\u00e1 va a tocar a Buenos Aires es como \u201cFua, est\u00e1 re consagrado\u201d (risas). Honestamente a nosotras nos est\u00e1 costando entrar. <strong>Ac\u00e1 hay muchas bandas, pero una banda exclusivamente de mujeres no hay. Tal vez est\u00e1n surgiendo y todav\u00eda no las conocimos. Quer\u00edamos innovar en Mendoza con el concepto de una banda solo de mujeres, porque es muy lindo estar en un proyecto solo con chicas. Conectas m\u00e1s, compart\u00eds m\u00e1s, armas un grupo como de mejores amigas.<\/strong><\/p>\n\n\n\n<p class=\"has-medium-font-size\" style=\"text-align: justify;\">Nos han surgido muchas propuestas para tocar en Buenos Aires, pero vamos m\u00e1s despacio. Todav\u00eda queremos tocar mucho m\u00e1s ac\u00e1. <strong>Para poder ir a tocar en Buenos Aires o en C\u00f3rdoba sentimos que tenemos que estar mucho m\u00e1s preparadas<\/strong>, preparar algo copado. Queremos terminar nuestro \u00e1lbum, muchas m\u00e1s canciones. Es complicado.<\/p>\n\n\n\n<div style=\"height:10px\" aria-hidden=\"true\" class=\"wp-block-spacer\"><\/div>\n\n\n<div class=\"wp-block-image\">\n<figure class=\"aligncenter size-large\"><img loading=\"lazy\" decoding=\"async\" width=\"1024\" height=\"683\" src=\"https:\/\/criticanoespecializada.com.ar\/wp-content\/uploads\/2026\/09\/TRF_8942-1024x683.jpeg\" alt=\"waymor\" class=\"wp-image-12056\" title=\"\" srcset=\"https:\/\/criticanoespecializada.com.ar\/wp-content\/uploads\/2026\/09\/TRF_8942-1024x683.jpeg 1024w, https:\/\/criticanoespecializada.com.ar\/wp-content\/uploads\/2026\/09\/TRF_8942-300x200.jpeg 300w, https:\/\/criticanoespecializada.com.ar\/wp-content\/uploads\/2026\/09\/TRF_8942-768x512.jpeg 768w, https:\/\/criticanoespecializada.com.ar\/wp-content\/uploads\/2026\/09\/TRF_8942-1536x1024.jpeg 1536w, https:\/\/criticanoespecializada.com.ar\/wp-content\/uploads\/2026\/09\/TRF_8942-2048x1366.jpeg 2048w, https:\/\/criticanoespecializada.com.ar\/wp-content\/uploads\/2026\/09\/TRF_8942-18x12.jpeg 18w\" sizes=\"auto, (max-width: 1024px) 100vw, 1024px\" \/><\/figure>\n<\/div>\n\n\n<blockquote class=\"wp-block-quote is-layout-flow wp-block-quote-is-layout-flow\">\n<p class=\"has-medium-font-size\" style=\"text-align: justify;\"><span style=\"color: #ff0000;\"><strong><em>En el interior el ambiente es muy cerrado y con mucho prejuicio. Aunque no lo crean, en la escena musical de Mendoza hay como much\u00edsimo derecho de piso. Pero estamos todos iguales. Sin embargo, han sido bastante malos con nosotras.<\/em><\/strong><\/span><\/p>\n<\/blockquote>\n\n\n\n<div style=\"height:10px\" aria-hidden=\"true\" class=\"wp-block-spacer\"><\/div>\n\n\n\n<p class=\"has-medium-font-size\"><strong>\u00bfSe la complica el ambiente tambi\u00e9n?<\/strong> <\/p>\n\n\n\n<p class=\"has-medium-font-size\" style=\"text-align: justify;\">En el interior el ambiente es muy cerrado y con mucho prejuicio. Aunque no lo crean,<strong> en la escena musical de Mendoza hay como much\u00edsimo derecho de piso<\/strong>. Pero estamos todos iguales. Sin embargo, han sido bastante malos con nosotras. Como que <strong>porque tocan de antes y nosotras somos nuevas nos tachan de que sumamos apoyo solo por ser un grupo femenino.<\/strong> Ac\u00e1 es todo\u2026 como de pueblo\u2026 no sabemos como explicarlo. <strong>No se abren a nuevos conceptos. Si sos una banda y no sos un hombre que toca excelentemente todo, est\u00e1s sentenciado de por vida. Es cruel.<\/strong><\/p>\n\n\n\n<p class=\"has-medium-font-size\"><strong>Entonces, \u00bfse ir\u00edan a vivir a Buenos Aires? Por ejemplo, si alguien se lo ofrece como para trabajar.<\/strong><\/p>\n\n\n\n<p class=\"has-medium-font-size\" style=\"text-align: justify;\">No creemos que a vivir. Nos interesa m\u00e1s ir como de temporada. Tenemos como muchas cosas ac\u00e1. Tal vez ir un a\u00f1o de gira o algo as\u00ed. S<strong>omos muy cuidadosas y muy desconfiadas con las propuestas de ese estilo porque sabemos c\u00f3mo es el tema de la m\u00fasica ac\u00e1.<\/strong> De hecho, tuvimos una propuesta re grosa que nos ofrec\u00eda algo parecido, pero no confiamos mucho. Era medio raro (risas).<\/p>\n\n\n\n<div style=\"height:10px\" aria-hidden=\"true\" class=\"wp-block-spacer\"><\/div>\n\n\n\n<figure class=\"wp-block-image size-large\"><img loading=\"lazy\" decoding=\"async\" width=\"1024\" height=\"683\" src=\"https:\/\/criticanoespecializada.com.ar\/wp-content\/uploads\/2026\/09\/TRF_8789-1024x683.jpeg\" alt=\"Waymor\" class=\"wp-image-12058\" title=\"\" srcset=\"https:\/\/criticanoespecializada.com.ar\/wp-content\/uploads\/2026\/09\/TRF_8789-1024x683.jpeg 1024w, https:\/\/criticanoespecializada.com.ar\/wp-content\/uploads\/2026\/09\/TRF_8789-300x200.jpeg 300w, https:\/\/criticanoespecializada.com.ar\/wp-content\/uploads\/2026\/09\/TRF_8789-767x511.jpeg 767w, https:\/\/criticanoespecializada.com.ar\/wp-content\/uploads\/2026\/09\/TRF_8789-1536x1024.jpeg 1536w, https:\/\/criticanoespecializada.com.ar\/wp-content\/uploads\/2026\/09\/TRF_8789-2048x1365.jpeg 2048w, https:\/\/criticanoespecializada.com.ar\/wp-content\/uploads\/2026\/09\/TRF_8789-18x12.jpeg 18w\" sizes=\"auto, (max-width: 1024px) 100vw, 1024px\" \/><\/figure>\n\n\n\n<blockquote class=\"wp-block-quote is-layout-flow wp-block-quote-is-layout-flow\">\n<p class=\"has-medium-font-size\"><span style=\"color: #ff0000;\"><em><strong>Nos gusta el hecho de que los temas que hacemos son como un popurr\u00ed de g\u00e9neros. La Sofi es super metalera, la Ana y yo (Amparo) somos del rock nacional y Soso como del pop. Estamos definiendo nuestro sonido. Quisi\u00e9ramos definirnos como rock pero como que todav\u00eda no llegamos a esa definici\u00f3n.<\/strong><\/em><\/span><\/p>\n<\/blockquote>\n\n\n\n<div style=\"height:10px\" aria-hidden=\"true\" class=\"wp-block-spacer\"><\/div>\n\n\n\n<p class=\"has-medium-font-size\"><strong>\u00bfSe identifican como rock?<\/strong><\/p>\n\n\n\n<p class=\"has-medium-font-size\" style=\"text-align: justify;\">Es que en efecto somos eso o es a lo que aspiramos. <strong>Tal vez todav\u00eda no podemos decir que lo somos porque nos gusta el hecho de que los temas que hacemos son como un popurr\u00ed de g\u00e9neros.<\/strong> La Sofi es s\u00faper metalera, la Ana y yo (Amparo) somos del rock nacional y Soso como del pop. <strong>Estamos definiendo nuestro sonido. Quisi\u00e9ramos definirnos como rock pero como que todav\u00eda no llegamos a esa definici\u00f3n. Pero tampoco tenemos apura porque, justamente, estamos empezando.<\/strong><\/p>\n\n\n\n<p class=\"has-medium-font-size\" style=\"text-align: justify;\">Es importante encontrar el sonido con el cual definirse. Vos escuch\u00e1s cinco segundos de un tema de Los Redondos y sab\u00e9s que son s\u00ed o s\u00ed Los Redondos. Lo mismo con Soda Stereo. Queremos que puedan escuchar cinco segundos y digan \u201cestas son ellas\u201d.<\/p>\n\n\n\n<p class=\"has-medium-font-size\" style=\"text-align: justify;\"><strong>\u00bfY son rock en cuanto a la actitud? Lo contestatario, la protesta, etc.<\/strong><\/p>\n\n\n\n<p class=\"has-medium-font-size\" style=\"text-align: justify;\">No s\u00e9 si el t\u00e9rmino ser\u00eda de protesta. Si bien el rock tiene su parte pol\u00edtica, no es nuestro foco principal. No es que estemos alejadas de eso.<strong> No queremos que la banda se encasille en solo en lo pol\u00edtico. Queremos hablar de distintas cosas: la pol\u00edtica, temas personales, psicol\u00f3gicos, de la sociedad y de un mont\u00f3n de otras cosas.<\/strong> Valoramos hablar de todo en nuestras canciones.<\/p>\n\n\n\n<p class=\"has-medium-font-size\" style=\"text-align: justify;\">En cuanto a la actitud, bueno, tenemos todas un car\u00e1cter fuerte (risas)<\/p>\n\n\n\n<p class=\"has-medium-font-size wp-block-paragraph\"><strong>\u00bfTuvieron problemas por eso?<\/strong><\/p>\n\n\n\n<p class=\"has-medium-font-size\" style=\"text-align: justify;\">Hubo un tema con una canci\u00f3n. Tuvimos una situaci\u00f3n poco grata por este tema que te contamos del derecho de piso. Nos enojamos mucho y en el tema le lanzamos 5 mil millones de insultos a una sola persona. Lo vamos a tener que filtrar mucho. En el \u00faltimo video que sacamos representamos la pel\u00edcula \u201cPulp Fiction\u201d y recreamos al personaje de Mia Wallace que es bastante <em>border.<\/em> <strong>Tratamos de hacer ruido y ser un poco disruptivas. Nos gusta tocar o mostrar cosas pol\u00e9micas.<\/strong> Recordar otras obras como en ese video con la obra de Tarantino.<\/p>\n<p class=\"has-medium-font-size\" style=\"text-align: justify;\">Si nos tienen que funar que nos funen, francamente no nos importa mucho. <strong>Mientras nos haga felices lo que estamos haciendo y nos guste a nosotras lo vamos a seguir haciendo.<\/strong><\/p>\n\n\n\n<p class=\"has-medium-font-size\"><strong>M\u00fasica, video, fotos \u00bftodo lo arman solas?<\/strong><\/p>\n\n\n\n<p class=\"has-medium-font-size\" style=\"text-align: justify;\">Todo lo hacemos y lo armamos nosotras. Para un video, obvio que necesitamos a alguien que nos grabe. Pero todo lo que es edici\u00f3n es car\u00edsimo. Elegimos bien que va a ser lo que tenemos que invertir para que salga lo mejor posible. Contratamos a Luis que es un tipazo. El hizo todas las tomas pero nos las pas\u00f3 para que lo terminemos de editar nosotras. Todo lo hizo la Sofi (risas). <strong>Es algo que nos muestra mucho a nosotras y tambi\u00e9n muestra que, si uno tiene paciencia y compromiso suficiente, se puede hacer algo lindo y barato. Si uno tiene pasi\u00f3n, tiene tiempo. Y va a tener \u00e9xito tambi\u00e9n.<\/strong><\/p>\n\n\n\n<div style=\"height:10px\" aria-hidden=\"true\" class=\"wp-block-spacer\"><\/div>\n\n\n\n<figure class=\"wp-block-embed is-type-video is-provider-youtube wp-block-embed-youtube wp-embed-aspect-16-9 wp-has-aspect-ratio\"><div class=\"wp-block-embed__wrapper\">\n<iframe loading=\"lazy\" title=\"Waymor - Masacre (Videoclip Oficial) \" width=\"1110\" height=\"624\" src=\"https:\/\/www.youtube.com\/embed\/iMQSsPwokB4?feature=oembed\" frameborder=\"0\" allow=\"accelerometer; autoplay; clipboard-write; encrypted-media; gyroscope; picture-in-picture; web-share\" referrerpolicy=\"strict-origin-when-cross-origin\" allowfullscreen><\/iframe>\n<\/div><\/figure>\n\n\n\n<div style=\"height:20px\" aria-hidden=\"true\" class=\"wp-block-spacer\"><\/div>\n\n\n\n<p class=\"has-medium-font-size\" style=\"text-align: justify;\"><strong>H\u00e1blennos de Masacre. \u00bfC\u00f3mo surgi\u00f3? \u00bfPor qu\u00e9 la eligieron como tema principal de presentaci\u00f3n?<\/strong><\/p>\n\n\n\n<p class=\"has-medium-font-size\" style=\"text-align: justify;\">En realidad, ten\u00edamos un orden diferente de canciones. Todo es prueba, pero no queremos desperdiciar. <strong>Queremos sacar algo para explotarlo, promocionarlo y verlo crecer.\u00a0<\/strong><\/p>\n\n\n\n<p class=\"has-medium-font-size\" style=\"text-align: justify;\">Masacre en realidad se llamaba <strong>\u201cMasacre en el pasaje\u201d<\/strong>. Es una historia de la Soso. Ella es la de las l\u00edricas. Cuenta la historia con uno de sus novios que estaba con otra persona a la vez y que ten\u00eda hijos, y ella nunca se enter\u00f3 (risas). <strong>Habla de decepci\u00f3n, traici\u00f3n y mentira.\u00a0<\/strong><\/p>\n\n\n\n<p class=\"has-medium-font-size\" style=\"text-align: justify;\">La arrancamos en una navidad y la terminamos en enero. Desde entonces que estamos arm\u00e1ndola, agreg\u00e1ndole cosas y dej\u00e1ndola linda. Estamos muy contentas de como qued\u00f3 el resultado final.<\/p>\n\n\n\n<p class=\"has-medium-font-size\" style=\"text-align: justify;\"><strong>\u00bfEn qu\u00e9 est\u00e1n trabajando ahora? \u00bfAlgo que se pueda adelantar?<\/strong><\/p>\n\n\n\n<p class=\"has-medium-font-size\" style=\"text-align: justify;\">Tenemos los temas terminados entre comillas, porque todav\u00eda los seguimos puliendo. <strong>No vamos a tener un g\u00e9nero que se repita.<\/strong> Hay un tema que tiene el estilo del cuarteto de nos, un rock pop y un blues, por ejemplo. Tenemos nueve canciones y las nueve suenan diferentes y hablan de diferentes cosas. <strong>El tema que planeamos sacar es bastante alegre, bastante para arriba. Buscamos no apuntarle a un solo p\u00fablico sino a distintas escuchas.<\/strong> Desde las nenas con el rock pop a un p\u00fablico m\u00e1s adulto con el blues.<\/p>\n\n\n\n<p class=\"has-medium-font-size\" style=\"text-align: justify;\">Cuando \u00e9ramos otra banda (antes de ser Waymor) dec\u00edamos que \u00e9ramos rock, rock, rock. Pas\u00f3 que sacamos un tema medio pop y nos tacharon de un mont\u00f3n de cosas y \u00f1a\u00f1a\u00f1a (risas). As\u00ed que <strong>sacamos &#8220;Masacre&#8221; primero que es como el m\u00e1s en el medio y ahora largamos es el que es m\u00e1s pop y despu\u00e9s el blues.<\/strong><\/p>\n\n\n\n<p class=\"has-medium-font-size\" style=\"text-align: justify;\"><strong>\u00bfEl disco est\u00e1 terminado entonces?<\/strong><\/p>\n\n\n\n<p class=\"has-medium-font-size\" style=\"text-align: justify;\">Est\u00e1 medio terminado si lo mir\u00e1s con un solo ojo. Pasa que no queremos cometer un error que cometimos antes que fue hacer las cosas a las apuradas. Est\u00e1 todo terminado, pero seguimos viendo si no hay que cambiar algo m\u00e1s para mejorarlo.<\/p>\n\n\n<div class=\"wp-block-image\">\n<figure class=\"aligncenter size-full\"><img loading=\"lazy\" decoding=\"async\" width=\"335\" height=\"597\" src=\"https:\/\/criticanoespecializada.com.ar\/wp-content\/uploads\/2026\/09\/images-9.jpg\" alt=\"waymor\" class=\"wp-image-12059\" title=\"\" srcset=\"https:\/\/criticanoespecializada.com.ar\/wp-content\/uploads\/2026\/09\/images-9.jpg 335w, https:\/\/criticanoespecializada.com.ar\/wp-content\/uploads\/2026\/09\/images-9-168x300.jpg 168w, https:\/\/criticanoespecializada.com.ar\/wp-content\/uploads\/2026\/09\/images-9-7x12.jpg 7w\" sizes=\"auto, (max-width: 335px) 100vw, 335px\" \/><\/figure>\n<\/div>\n\n\n<p class=\"has-large-font-size\" style=\"text-align: center;\"><span style=\"text-decoration: underline; color: #ff6600;\"><strong>Datos extras<\/strong><\/span><\/p>\n\n\n\n<div class=\"wp-block-media-text is-stacked-on-mobile\"><figure class=\"wp-block-media-text__media\"><img loading=\"lazy\" decoding=\"async\" width=\"1024\" height=\"682\" src=\"https:\/\/criticanoespecializada.com.ar\/wp-content\/uploads\/2026\/09\/4437d37a-6af1-4ce8-ad3a-561111c986cc-1024x682.jpg\" alt=\"Waymor\" class=\"wp-image-12060 size-full\" title=\"\" srcset=\"https:\/\/criticanoespecializada.com.ar\/wp-content\/uploads\/2026\/09\/4437d37a-6af1-4ce8-ad3a-561111c986cc-1024x682.jpg 1024w, https:\/\/criticanoespecializada.com.ar\/wp-content\/uploads\/2026\/09\/4437d37a-6af1-4ce8-ad3a-561111c986cc-300x200.jpg 300w, https:\/\/criticanoespecializada.com.ar\/wp-content\/uploads\/2026\/09\/4437d37a-6af1-4ce8-ad3a-561111c986cc-767x511.jpg 767w, https:\/\/criticanoespecializada.com.ar\/wp-content\/uploads\/2026\/09\/4437d37a-6af1-4ce8-ad3a-561111c986cc-18x12.jpg 18w, https:\/\/criticanoespecializada.com.ar\/wp-content\/uploads\/2026\/09\/4437d37a-6af1-4ce8-ad3a-561111c986cc.jpg 1280w\" sizes=\"auto, (max-width: 1024px) 100vw, 1024px\" \/><\/figure><div class=\"wp-block-media-text__content\">\n<p class=\"has-medium-font-size\"><span style=\"text-decoration: underline;\"><strong>Amparo<\/strong><\/span><\/p>\n\n\n\n<p class=\"has-medium-font-size wp-block-paragraph\"><strong>Algo que la gente no se imagine de ella:<\/strong><\/p>\n\n\n\n<p class=\"has-medium-font-size wp-block-paragraph\">Se muestra como extrovertida y re polenta cuando est\u00e1 con las chicas, pero cuando est\u00e1 sola es callada. Se siente re peque\u00f1a y es re cari\u00f1osa cuando est\u00e1 con la gente que quiere.<\/p>\n\n\n\n<p class=\"has-medium-font-size wp-block-paragraph\"><strong>Talento oculto: <\/strong><\/p>\n\n\n\n<p class=\"has-medium-font-size wp-block-paragraph\">Es muy buena en la cocina y puede no sentir verg\u00fcenza para hacer cosas.<\/p>\n<\/div><\/div>\n\n\n\n<div style=\"height:10px\" aria-hidden=\"true\" class=\"wp-block-spacer\"><\/div>\n\n\n\n<div class=\"wp-block-media-text has-media-on-the-right is-stacked-on-mobile\"><div class=\"wp-block-media-text__content\">\n<p class=\"has-medium-font-size\"><span style=\"text-decoration: underline;\"><strong>Sofi<\/strong><\/span><\/p>\n\n\n\n<p class=\"has-medium-font-size wp-block-paragraph\"><strong><strong>Algo que la gente no se imagine de ella<\/strong>:<\/strong><\/p>\n\n\n\n<p class=\"has-medium-font-size wp-block-paragraph\">lo que sube a redes le chupa un huevo y tiene el car\u00e1cter de un vago.<\/p>\n\n\n\n<p class=\"has-medium-font-size wp-block-paragraph\"><strong>Talento oculto: <\/strong><\/p>\n\n\n\n<p class=\"has-medium-font-size wp-block-paragraph\">Sabe tocar muy bien la flauta dulce.<\/p>\n<\/div><figure class=\"wp-block-media-text__media\"><img loading=\"lazy\" decoding=\"async\" width=\"1024\" height=\"683\" src=\"https:\/\/criticanoespecializada.com.ar\/wp-content\/uploads\/2026\/09\/1ac6fa12-f30c-4f31-a23b-85ba5b475156-1024x683.jpg\" alt=\"Waymor\" class=\"wp-image-12061 size-full\" title=\"\" srcset=\"https:\/\/criticanoespecializada.com.ar\/wp-content\/uploads\/2026\/09\/1ac6fa12-f30c-4f31-a23b-85ba5b475156-1024x683.jpg 1024w, https:\/\/criticanoespecializada.com.ar\/wp-content\/uploads\/2026\/09\/1ac6fa12-f30c-4f31-a23b-85ba5b475156-300x200.jpg 300w, https:\/\/criticanoespecializada.com.ar\/wp-content\/uploads\/2026\/09\/1ac6fa12-f30c-4f31-a23b-85ba5b475156-768x512.jpg 768w, https:\/\/criticanoespecializada.com.ar\/wp-content\/uploads\/2026\/09\/1ac6fa12-f30c-4f31-a23b-85ba5b475156-1536x1024.jpg 1536w, https:\/\/criticanoespecializada.com.ar\/wp-content\/uploads\/2026\/09\/1ac6fa12-f30c-4f31-a23b-85ba5b475156-18x12.jpg 18w, https:\/\/criticanoespecializada.com.ar\/wp-content\/uploads\/2026\/09\/1ac6fa12-f30c-4f31-a23b-85ba5b475156-2048x1365.jpg 2048w\" sizes=\"auto, (max-width: 1024px) 100vw, 1024px\" \/><\/figure><\/div>\n\n\n\n<div style=\"height:10px\" aria-hidden=\"true\" class=\"wp-block-spacer\"><\/div>\n\n\n\n<div class=\"wp-block-media-text is-stacked-on-mobile\"><figure class=\"wp-block-media-text__media\"><img loading=\"lazy\" decoding=\"async\" width=\"1024\" height=\"1024\" src=\"https:\/\/criticanoespecializada.com.ar\/wp-content\/uploads\/2026\/09\/DSC01464-1024x1024.jpg\" alt=\"Waymor\" class=\"wp-image-12062 size-full\" title=\"\" srcset=\"https:\/\/criticanoespecializada.com.ar\/wp-content\/uploads\/2026\/09\/DSC01464-1024x1024.jpg 1024w, https:\/\/criticanoespecializada.com.ar\/wp-content\/uploads\/2026\/09\/DSC01464-300x300.jpg 300w, https:\/\/criticanoespecializada.com.ar\/wp-content\/uploads\/2026\/09\/DSC01464-768x768.jpg 768w, https:\/\/criticanoespecializada.com.ar\/wp-content\/uploads\/2026\/09\/DSC01464-1536x1536.jpg 1536w, https:\/\/criticanoespecializada.com.ar\/wp-content\/uploads\/2026\/09\/DSC01464-12x12.jpg 12w, https:\/\/criticanoespecializada.com.ar\/wp-content\/uploads\/2026\/09\/DSC01464-2048x2048.jpg 2048w\" sizes=\"auto, (max-width: 1024px) 100vw, 1024px\" \/><\/figure><div class=\"wp-block-media-text__content\">\n<p class=\"has-medium-font-size\"><strong><span style=\"text-decoration: underline;\">Ana<\/span><\/strong><\/p>\n\n\n\n<p class=\"has-medium-font-size wp-block-paragraph\"><strong><strong>Algo que la gente no se imagine de ella<\/strong>:<\/strong><\/p>\n\n\n\n<p class=\"has-medium-font-size wp-block-paragraph\">Parece t\u00edmida y cerrada pero cuando le das confianza es una loca que no se calla.<\/p>\n\n\n\n<p class=\"has-medium-font-size wp-block-paragraph\"><strong>Talento oculto:<\/strong><\/p>\n\n\n\n<p class=\"has-medium-font-size wp-block-paragraph\">Sabe doblar la lengua como un tr\u00e9bol y se le hace muy f\u00e1cil memorizar canciones.<\/p>\n<\/div><\/div>\n\n\n\n<div style=\"height:10px\" aria-hidden=\"true\" class=\"wp-block-spacer\"><\/div>\n\n\n\n<div class=\"wp-block-media-text has-media-on-the-right is-stacked-on-mobile\"><div class=\"wp-block-media-text__content\">\n<p class=\"has-medium-font-size\"><strong><span style=\"text-decoration: underline;\">Soso<\/span><\/strong><\/p>\n\n\n\n<p class=\"has-medium-font-size wp-block-paragraph\"><strong><strong>Algo que la gente no se imagine de ella<\/strong>:<\/strong><\/p>\n\n\n\n<p class=\"has-medium-font-size wp-block-paragraph\">Es muy twitera y se pelea con todo el mundo ah\u00ed.<\/p>\n\n\n\n<p class=\"has-medium-font-size wp-block-paragraph\"><strong>Talento oculto:<\/strong><\/p>\n\n\n\n<p class=\"has-medium-font-size wp-block-paragraph\">Le sale muy bien improvisar letras cuando alguien se pone a tocar<\/p>\n<\/div><figure class=\"wp-block-media-text__media\"><img loading=\"lazy\" decoding=\"async\" width=\"1024\" height=\"683\" src=\"https:\/\/criticanoespecializada.com.ar\/wp-content\/uploads\/2026\/09\/DSC01369-1-1024x683.jpg\" alt=\"Waymor\" class=\"wp-image-12064 size-full\" title=\"\" srcset=\"https:\/\/criticanoespecializada.com.ar\/wp-content\/uploads\/2026\/09\/DSC01369-1-1024x683.jpg 1024w, https:\/\/criticanoespecializada.com.ar\/wp-content\/uploads\/2026\/09\/DSC01369-1-300x200.jpg 300w, https:\/\/criticanoespecializada.com.ar\/wp-content\/uploads\/2026\/09\/DSC01369-1-768x512.jpg 768w, https:\/\/criticanoespecializada.com.ar\/wp-content\/uploads\/2026\/09\/DSC01369-1-1536x1024.jpg 1536w, https:\/\/criticanoespecializada.com.ar\/wp-content\/uploads\/2026\/09\/DSC01369-1-2048x1365.jpg 2048w, https:\/\/criticanoespecializada.com.ar\/wp-content\/uploads\/2026\/09\/DSC01369-1-18x12.jpg 18w\" sizes=\"auto, (max-width: 1024px) 100vw, 1024px\" \/><\/figure><\/div>\n\n\n\n<p class=\"wp-block-paragraph\"><\/p>","protected":false},"excerpt":{"rendered":"<p>Waymor Es una banda de rock conformada solo por mujeres de la provincia de Mendoza. Su \u00e1lbum ya est\u00e1 en en puerta y su sencillo &#8220;Masacre&#8221; suma cientos de escuchas en las principales plataformas digitales.<\/p>","protected":false},"author":14,"featured_media":12053,"comment_status":"open","ping_status":"open","sticky":false,"template":"","format":"standard","meta":{"googlesitekit_rrm_CAownYrbCw:productID":"","footnotes":""},"categories":[56,15],"tags":[932,1752,1118,375,925,437,432,1772],"class_list":["post-12052","post","type-post","status-publish","format-standard","has-post-thumbnail","hentry","category-entrevistas","category-musica","tag-entrevistas","tag-girlband","tag-mendoza","tag-musica","tag-pop","tag-rock","tag-rock-nacional","tag-waymor"],"aioseo_notices":[],"aioseo_head":"\n\t\t<!-- All in One SEO 5.0.1.1 - aioseo.com -->\n\t<meta name=\"description\" content=\"Waymor Es una banda de rock conformada solo por mujeres de la provincia de Mendoza. Su \u00e1lbum ya est\u00e1 en en puerta y su sencillo &quot;Masacre&quot; suma cientos de escuchas en las principales plataformas digitales.\" \/>\n\t<meta name=\"robots\" content=\"max-image-preview:large\" \/>\n\t<meta name=\"author\" content=\"Ezequiel Olasagasti\"\/>\n\t<link rel=\"canonical\" href=\"https:\/\/criticanoespecializada.com.ar\/en\/waymor-girl-band\/\" \/>\n\t<meta name=\"generator\" content=\"All in One SEO (AIOSEO) 5.0.1.1\" \/>\n\t\t<meta property=\"og:locale\" content=\"en_US\" \/>\n\t\t<meta property=\"og:site_name\" content=\"CnE - Cr\u00edtica no Especializada - Portal de entretenimiento\" \/>\n\t\t<meta property=\"og:type\" content=\"article\" \/>\n\t\t<meta property=\"og:title\" content=\"Waymor: La girl band de rock que quiere romper los prejuicios del la escena musical en interior del pa\u00eds - CnE\" \/>\n\t\t<meta property=\"og:description\" content=\"Waymor Es una banda de rock conformada solo por mujeres de la provincia de Mendoza. Su \u00e1lbum ya est\u00e1 en en puerta y su sencillo &quot;Masacre&quot; suma cientos de escuchas en las principales plataformas digitales.\" \/>\n\t\t<meta property=\"og:url\" content=\"https:\/\/criticanoespecializada.com.ar\/en\/waymor-girl-band\/\" \/>\n\t\t<meta property=\"article:published_time\" content=\"2026-09-04T21:17:41+00:00\" \/>\n\t\t<meta property=\"article:modified_time\" content=\"2026-09-04T21:24:09+00:00\" \/>\n\t\t<meta property=\"article:publisher\" content=\"https:\/\/www.facebook.com\/critica.no.especializada\" \/>\n\t\t<meta name=\"twitter:card\" content=\"summary_large_image\" \/>\n\t\t<meta name=\"twitter:site\" content=\"@CnE_Revista\" \/>\n\t\t<meta name=\"twitter:title\" content=\"Waymor: La girl band de rock que quiere romper los prejuicios del la escena musical en interior del pa\u00eds - CnE\" \/>\n\t\t<meta name=\"twitter:description\" content=\"Waymor Es una banda de rock conformada solo por mujeres de la provincia de Mendoza. Su \u00e1lbum ya est\u00e1 en en puerta y su sencillo &quot;Masacre&quot; suma cientos de escuchas en las principales plataformas digitales.\" \/>\n\t\t<meta name=\"twitter:creator\" content=\"@CnE_Revista\" \/>\n\t\t<script type=\"application\/ld+json\" class=\"aioseo-schema\">\n\t\t\t{\"@context\":\"https:\\\/\\\/schema.org\",\"@graph\":[{\"@type\":\"BlogPosting\",\"@id\":\"https:\\\/\\\/criticanoespecializada.com.ar\\\/en\\\/waymor-girl-band\\\/#blogposting\",\"name\":\"Waymor: La girl band de rock que quiere romper los prejuicios del la escena musical en interior del pa\\u00eds - CnE\",\"headline\":\"Waymor: La girl band de rock que quiere romper los prejuicios del la escena musical en interior del pa\\u00eds\",\"author\":{\"@id\":\"https:\\\/\\\/criticanoespecializada.com.ar\\\/en\\\/author\\\/ezequiel-olazagasti\\\/#author\"},\"publisher\":{\"@id\":\"https:\\\/\\\/criticanoespecializada.com.ar\\\/en\\\/#organization\"},\"image\":{\"@type\":\"ImageObject\",\"url\":\"https:\\\/\\\/criticanoespecializada.com.ar\\\/wp-content\\\/uploads\\\/2026\\\/09\\\/DSC01338-1-scaled.jpg\",\"width\":2560,\"height\":1707,\"caption\":\"waynor\"},\"datePublished\":\"2026-09-04T18:17:41-03:00\",\"dateModified\":\"2026-09-04T18:24:09-03:00\",\"inLanguage\":\"en-US\",\"mainEntityOfPage\":{\"@id\":\"https:\\\/\\\/criticanoespecializada.com.ar\\\/en\\\/waymor-girl-band\\\/#webpage\"},\"isPartOf\":{\"@id\":\"https:\\\/\\\/criticanoespecializada.com.ar\\\/en\\\/waymor-girl-band\\\/#webpage\"},\"articleSection\":\"Entrevistas, M\\u00fasica, Entrevistas, girlband, Mendoza, Musica, Pop, rock, rock nacional, waymor\"},{\"@type\":\"BreadcrumbList\",\"@id\":\"https:\\\/\\\/criticanoespecializada.com.ar\\\/en\\\/waymor-girl-band\\\/#breadcrumblist\",\"itemListElement\":[{\"@type\":\"ListItem\",\"@id\":\"https:\\\/\\\/criticanoespecializada.com.ar\\\/en#listItem\",\"position\":1,\"name\":\"Home\",\"item\":\"https:\\\/\\\/criticanoespecializada.com.ar\\\/en\",\"nextItem\":{\"@type\":\"ListItem\",\"@id\":\"https:\\\/\\\/criticanoespecializada.com.ar\\\/en\\\/category\\\/cine-y-series\\\/#listItem\",\"name\":\"Cine y Series\"}},{\"@type\":\"ListItem\",\"@id\":\"https:\\\/\\\/criticanoespecializada.com.ar\\\/en\\\/category\\\/cine-y-series\\\/#listItem\",\"position\":2,\"name\":\"Cine y Series\",\"item\":\"https:\\\/\\\/criticanoespecializada.com.ar\\\/en\\\/category\\\/cine-y-series\\\/\",\"nextItem\":{\"@type\":\"ListItem\",\"@id\":\"https:\\\/\\\/criticanoespecializada.com.ar\\\/en\\\/category\\\/cine-y-series\\\/entrevistas\\\/#listItem\",\"name\":\"Entrevistas\"},\"previousItem\":{\"@type\":\"ListItem\",\"@id\":\"https:\\\/\\\/criticanoespecializada.com.ar\\\/en#listItem\",\"name\":\"Home\"}},{\"@type\":\"ListItem\",\"@id\":\"https:\\\/\\\/criticanoespecializada.com.ar\\\/en\\\/category\\\/cine-y-series\\\/entrevistas\\\/#listItem\",\"position\":3,\"name\":\"Entrevistas\",\"item\":\"https:\\\/\\\/criticanoespecializada.com.ar\\\/en\\\/category\\\/cine-y-series\\\/entrevistas\\\/\",\"nextItem\":{\"@type\":\"ListItem\",\"@id\":\"https:\\\/\\\/criticanoespecializada.com.ar\\\/en\\\/waymor-girl-band\\\/#listItem\",\"name\":\"Waymor: La girl band de rock que quiere romper los prejuicios del la escena musical en interior del pa\\u00eds\"},\"previousItem\":{\"@type\":\"ListItem\",\"@id\":\"https:\\\/\\\/criticanoespecializada.com.ar\\\/en\\\/category\\\/cine-y-series\\\/#listItem\",\"name\":\"Cine y Series\"}},{\"@type\":\"ListItem\",\"@id\":\"https:\\\/\\\/criticanoespecializada.com.ar\\\/en\\\/waymor-girl-band\\\/#listItem\",\"position\":4,\"name\":\"Waymor: La girl band de rock que quiere romper los prejuicios del la escena musical en interior del pa\\u00eds\",\"previousItem\":{\"@type\":\"ListItem\",\"@id\":\"https:\\\/\\\/criticanoespecializada.com.ar\\\/en\\\/category\\\/cine-y-series\\\/entrevistas\\\/#listItem\",\"name\":\"Entrevistas\"}}]},{\"@type\":\"Organization\",\"@id\":\"https:\\\/\\\/criticanoespecializada.com.ar\\\/en\\\/#organization\",\"name\":\"CnE\",\"description\":\"Cr\\u00edtica no Especializada - Portal de entretenimiento\",\"url\":\"https:\\\/\\\/criticanoespecializada.com.ar\\\/en\\\/\",\"logo\":{\"@type\":\"ImageObject\",\"url\":\"https:\\\/\\\/criticanoespecializada.com.ar\\\/wp-content\\\/uploads\\\/2019\\\/11\\\/CNE-1.png\",\"@id\":\"https:\\\/\\\/criticanoespecializada.com.ar\\\/en\\\/waymor-girl-band\\\/#organizationLogo\",\"width\":1104,\"height\":847,\"caption\":\"LOGO-critica\"},\"image\":{\"@id\":\"https:\\\/\\\/criticanoespecializada.com.ar\\\/en\\\/waymor-girl-band\\\/#organizationLogo\"},\"sameAs\":[\"https:\\\/\\\/www.facebook.com\\\/critica.no.especializada\",\"https:\\\/\\\/twitter.com\\\/CnE_Revista\",\"https:\\\/\\\/www.instagram.com\\\/critica.no.especializada\\\/\"]},{\"@type\":\"Person\",\"@id\":\"https:\\\/\\\/criticanoespecializada.com.ar\\\/en\\\/author\\\/ezequiel-olazagasti\\\/#author\",\"url\":\"https:\\\/\\\/criticanoespecializada.com.ar\\\/en\\\/author\\\/ezequiel-olazagasti\\\/\",\"name\":\"Ezequiel Olasagasti\",\"image\":{\"@type\":\"ImageObject\",\"@id\":\"https:\\\/\\\/criticanoespecializada.com.ar\\\/en\\\/waymor-girl-band\\\/#authorImage\",\"url\":\"https:\\\/\\\/secure.gravatar.com\\\/avatar\\\/0b746e806ca69b69fcfd8eaf51ad448b09064b0b9abd06fd06d0043b72b39247?s=96&d=retro&r=g\",\"width\":96,\"height\":96,\"caption\":\"Ezequiel Olasagasti\"}},{\"@type\":\"WebPage\",\"@id\":\"https:\\\/\\\/criticanoespecializada.com.ar\\\/en\\\/waymor-girl-band\\\/#webpage\",\"url\":\"https:\\\/\\\/criticanoespecializada.com.ar\\\/en\\\/waymor-girl-band\\\/\",\"name\":\"Waymor: La girl band de rock que quiere romper los prejuicios del la escena musical en interior del pa\\u00eds - CnE\",\"description\":\"Waymor Es una banda de rock conformada solo por mujeres de la provincia de Mendoza. Su \\u00e1lbum ya est\\u00e1 en en puerta y su sencillo \\\"Masacre\\\" suma cientos de escuchas en las principales plataformas digitales.\",\"inLanguage\":\"en-US\",\"isPartOf\":{\"@id\":\"https:\\\/\\\/criticanoespecializada.com.ar\\\/en\\\/#website\"},\"breadcrumb\":{\"@id\":\"https:\\\/\\\/criticanoespecializada.com.ar\\\/en\\\/waymor-girl-band\\\/#breadcrumblist\"},\"author\":{\"@id\":\"https:\\\/\\\/criticanoespecializada.com.ar\\\/en\\\/author\\\/ezequiel-olazagasti\\\/#author\"},\"creator\":{\"@id\":\"https:\\\/\\\/criticanoespecializada.com.ar\\\/en\\\/author\\\/ezequiel-olazagasti\\\/#author\"},\"image\":{\"@type\":\"ImageObject\",\"url\":\"https:\\\/\\\/criticanoespecializada.com.ar\\\/wp-content\\\/uploads\\\/2026\\\/09\\\/DSC01338-1-scaled.jpg\",\"@id\":\"https:\\\/\\\/criticanoespecializada.com.ar\\\/en\\\/waymor-girl-band\\\/#mainImage\",\"width\":2560,\"height\":1707,\"caption\":\"waynor\"},\"primaryImageOfPage\":{\"@id\":\"https:\\\/\\\/criticanoespecializada.com.ar\\\/en\\\/waymor-girl-band\\\/#mainImage\"},\"datePublished\":\"2026-09-04T18:17:41-03:00\",\"dateModified\":\"2026-09-04T18:24:09-03:00\"},{\"@type\":\"WebSite\",\"@id\":\"https:\\\/\\\/criticanoespecializada.com.ar\\\/en\\\/#website\",\"url\":\"https:\\\/\\\/criticanoespecializada.com.ar\\\/en\\\/\",\"name\":\"CnE\",\"description\":\"Cr\\u00edtica no Especializada - Portal de entretenimiento\",\"inLanguage\":\"en-US\",\"publisher\":{\"@id\":\"https:\\\/\\\/criticanoespecializada.com.ar\\\/en\\\/#organization\"}}]}\n\t\t<\/script>\n\t\t<!-- All in One SEO -->\n\n","aioseo_head_json":{"title":"Waymor: La girl band de rock que quiere romper los prejuicios del la escena musical en interior del pa\u00eds - CnE","description":"Waymor Es una banda de rock conformada solo por mujeres de la provincia de Mendoza. Su \u00e1lbum ya est\u00e1 en en puerta y su sencillo \"Masacre\" suma cientos de escuchas en las principales plataformas digitales.","canonical_url":"https:\/\/criticanoespecializada.com.ar\/en\/waymor-girl-band\/","robots":"max-image-preview:large","keywords":"","webmasterTools":{"miscellaneous":""},"schema":{"@context":"https:\/\/schema.org","@graph":[{"@type":"BlogPosting","@id":"https:\/\/criticanoespecializada.com.ar\/en\/waymor-girl-band\/#blogposting","name":"Waymor: La girl band de rock que quiere romper los prejuicios del la escena musical en interior del pa\u00eds - CnE","headline":"Waymor: La girl band de rock que quiere romper los prejuicios del la escena musical en interior del pa\u00eds","author":{"@id":"https:\/\/criticanoespecializada.com.ar\/en\/author\/ezequiel-olazagasti\/#author"},"publisher":{"@id":"https:\/\/criticanoespecializada.com.ar\/en\/#organization"},"image":{"@type":"ImageObject","url":"https:\/\/criticanoespecializada.com.ar\/wp-content\/uploads\/2026\/09\/DSC01338-1-scaled.jpg","width":2560,"height":1707,"caption":"waynor"},"datePublished":"2026-09-04T18:17:41-03:00","dateModified":"2026-09-04T18:24:09-03:00","inLanguage":"en-US","mainEntityOfPage":{"@id":"https:\/\/criticanoespecializada.com.ar\/en\/waymor-girl-band\/#webpage"},"isPartOf":{"@id":"https:\/\/criticanoespecializada.com.ar\/en\/waymor-girl-band\/#webpage"},"articleSection":"Entrevistas, M\u00fasica, Entrevistas, girlband, Mendoza, Musica, Pop, rock, rock nacional, waymor"},{"@type":"BreadcrumbList","@id":"https:\/\/criticanoespecializada.com.ar\/en\/waymor-girl-band\/#breadcrumblist","itemListElement":[{"@type":"ListItem","@id":"https:\/\/criticanoespecializada.com.ar\/en#listItem","position":1,"name":"Home","item":"https:\/\/criticanoespecializada.com.ar\/en","nextItem":{"@type":"ListItem","@id":"https:\/\/criticanoespecializada.com.ar\/en\/category\/cine-y-series\/#listItem","name":"Cine y Series"}},{"@type":"ListItem","@id":"https:\/\/criticanoespecializada.com.ar\/en\/category\/cine-y-series\/#listItem","position":2,"name":"Cine y Series","item":"https:\/\/criticanoespecializada.com.ar\/en\/category\/cine-y-series\/","nextItem":{"@type":"ListItem","@id":"https:\/\/criticanoespecializada.com.ar\/en\/category\/cine-y-series\/entrevistas\/#listItem","name":"Entrevistas"},"previousItem":{"@type":"ListItem","@id":"https:\/\/criticanoespecializada.com.ar\/en#listItem","name":"Home"}},{"@type":"ListItem","@id":"https:\/\/criticanoespecializada.com.ar\/en\/category\/cine-y-series\/entrevistas\/#listItem","position":3,"name":"Entrevistas","item":"https:\/\/criticanoespecializada.com.ar\/en\/category\/cine-y-series\/entrevistas\/","nextItem":{"@type":"ListItem","@id":"https:\/\/criticanoespecializada.com.ar\/en\/waymor-girl-band\/#listItem","name":"Waymor: La girl band de rock que quiere romper los prejuicios del la escena musical en interior del pa\u00eds"},"previousItem":{"@type":"ListItem","@id":"https:\/\/criticanoespecializada.com.ar\/en\/category\/cine-y-series\/#listItem","name":"Cine y Series"}},{"@type":"ListItem","@id":"https:\/\/criticanoespecializada.com.ar\/en\/waymor-girl-band\/#listItem","position":4,"name":"Waymor: La girl band de rock que quiere romper los prejuicios del la escena musical en interior del pa\u00eds","previousItem":{"@type":"ListItem","@id":"https:\/\/criticanoespecializada.com.ar\/en\/category\/cine-y-series\/entrevistas\/#listItem","name":"Entrevistas"}}]},{"@type":"Organization","@id":"https:\/\/criticanoespecializada.com.ar\/en\/#organization","name":"CnE","description":"Cr\u00edtica no Especializada - Portal de entretenimiento","url":"https:\/\/criticanoespecializada.com.ar\/en\/","logo":{"@type":"ImageObject","url":"https:\/\/criticanoespecializada.com.ar\/wp-content\/uploads\/2019\/11\/CNE-1.png","@id":"https:\/\/criticanoespecializada.com.ar\/en\/waymor-girl-band\/#organizationLogo","width":1104,"height":847,"caption":"LOGO-critica"},"image":{"@id":"https:\/\/criticanoespecializada.com.ar\/en\/waymor-girl-band\/#organizationLogo"},"sameAs":["https:\/\/www.facebook.com\/critica.no.especializada","https:\/\/twitter.com\/CnE_Revista","https:\/\/www.instagram.com\/critica.no.especializada\/"]},{"@type":"Person","@id":"https:\/\/criticanoespecializada.com.ar\/en\/author\/ezequiel-olazagasti\/#author","url":"https:\/\/criticanoespecializada.com.ar\/en\/author\/ezequiel-olazagasti\/","name":"Ezequiel Olasagasti","image":{"@type":"ImageObject","@id":"https:\/\/criticanoespecializada.com.ar\/en\/waymor-girl-band\/#authorImage","url":"https:\/\/secure.gravatar.com\/avatar\/0b746e806ca69b69fcfd8eaf51ad448b09064b0b9abd06fd06d0043b72b39247?s=96&d=retro&r=g","width":96,"height":96,"caption":"Ezequiel Olasagasti"}},{"@type":"WebPage","@id":"https:\/\/criticanoespecializada.com.ar\/en\/waymor-girl-band\/#webpage","url":"https:\/\/criticanoespecializada.com.ar\/en\/waymor-girl-band\/","name":"Waymor: La girl band de rock que quiere romper los prejuicios del la escena musical en interior del pa\u00eds - CnE","description":"Waymor Es una banda de rock conformada solo por mujeres de la provincia de Mendoza. Su \u00e1lbum ya est\u00e1 en en puerta y su sencillo \"Masacre\" suma cientos de escuchas en las principales plataformas digitales.","inLanguage":"en-US","isPartOf":{"@id":"https:\/\/criticanoespecializada.com.ar\/en\/#website"},"breadcrumb":{"@id":"https:\/\/criticanoespecializada.com.ar\/en\/waymor-girl-band\/#breadcrumblist"},"author":{"@id":"https:\/\/criticanoespecializada.com.ar\/en\/author\/ezequiel-olazagasti\/#author"},"creator":{"@id":"https:\/\/criticanoespecializada.com.ar\/en\/author\/ezequiel-olazagasti\/#author"},"image":{"@type":"ImageObject","url":"https:\/\/criticanoespecializada.com.ar\/wp-content\/uploads\/2026\/09\/DSC01338-1-scaled.jpg","@id":"https:\/\/criticanoespecializada.com.ar\/en\/waymor-girl-band\/#mainImage","width":2560,"height":1707,"caption":"waynor"},"primaryImageOfPage":{"@id":"https:\/\/criticanoespecializada.com.ar\/en\/waymor-girl-band\/#mainImage"},"datePublished":"2026-09-04T18:17:41-03:00","dateModified":"2026-09-04T18:24:09-03:00"},{"@type":"WebSite","@id":"https:\/\/criticanoespecializada.com.ar\/en\/#website","url":"https:\/\/criticanoespecializada.com.ar\/en\/","name":"CnE","description":"Cr\u00edtica no Especializada - Portal de entretenimiento","inLanguage":"en-US","publisher":{"@id":"https:\/\/criticanoespecializada.com.ar\/en\/#organization"}}]},"og:locale":"en_US","og:site_name":"CnE - Cr\u00edtica no Especializada - Portal de entretenimiento","og:type":"article","og:title":"Waymor: La girl band de rock que quiere romper los prejuicios del la escena musical en interior del pa\u00eds - CnE","og:description":"Waymor Es una banda de rock conformada solo por mujeres de la provincia de Mendoza. Su \u00e1lbum ya est\u00e1 en en puerta y su sencillo &quot;Masacre&quot; suma cientos de escuchas en las principales plataformas digitales.","og:url":"https:\/\/criticanoespecializada.com.ar\/en\/waymor-girl-band\/","article:published_time":"2026-09-04T21:17:41+00:00","article:modified_time":"2026-09-04T21:24:09+00:00","article:publisher":"https:\/\/www.facebook.com\/critica.no.especializada","twitter:card":"summary_large_image","twitter:site":"@CnE_Revista","twitter:title":"Waymor: La girl band de rock que quiere romper los prejuicios del la escena musical en interior del pa\u00eds - CnE","twitter:description":"Waymor Es una banda de rock conformada solo por mujeres de la provincia de Mendoza. Su \u00e1lbum ya est\u00e1 en en puerta y su sencillo &quot;Masacre&quot; suma cientos de escuchas en las principales plataformas digitales.","twitter:creator":"@CnE_Revista"},"aioseo_meta_data":{"post_id":"12052","title":null,"description":null,"keywords":null,"keyphrases":{"focus":{"keyphrase":"","score":0,"analysis":{"keyphraseInTitle":{"score":0,"maxScore":9,"error":1}}},"additional":[]},"primary_term":null,"canonical_url":null,"og_title":null,"og_description":null,"og_object_type":"default","og_image_type":"default","og_image_url":null,"og_image_width":null,"og_image_height":null,"og_image_custom_url":null,"og_image_custom_fields":null,"og_video":"","og_custom_url":null,"og_article_section":null,"og_article_tags":null,"twitter_use_og":false,"twitter_card":"default","twitter_image_type":"default","twitter_image_url":null,"twitter_image_custom_url":null,"twitter_image_custom_fields":null,"twitter_title":null,"twitter_description":null,"schema":{"blockGraphs":[],"customGraphs":[],"default":{"data":{"Article":[],"Course":[],"Dataset":[],"FAQPage":[],"Movie":[],"Person":[],"Product":[],"ProductReview":[],"Car":[],"Recipe":[],"Service":[],"SoftwareApplication":[],"WebPage":[]},"graphName":"BlogPosting","isEnabled":true},"graphs":[]},"schema_type":"default","schema_type_options":null,"pillar_content":false,"robots_default":true,"robots_noindex":false,"robots_noarchive":false,"robots_nosnippet":false,"robots_nofollow":false,"robots_noimageindex":false,"robots_noodp":false,"robots_notranslate":false,"robots_max_snippet":"-1","robots_max_videopreview":"-1","robots_max_imagepreview":"large","priority":null,"frequency":"default","local_seo":null,"breadcrumb_settings":null,"limit_modified_date":false,"ai":{"faqs":[],"keyPoints":[],"schemas":[],"titles":[],"descriptions":[],"socialPosts":{"email":{"subject":"","preview":"","content":""},"linkedin":[],"twitter":[],"facebook":[],"instagram":[]}},"created":"2026-09-04 19:17:05","updated":"2026-09-04 21:38:18","seo_analyzer_scan_date":null,"focus_keyword":null,"additional_keywords":null,"truseo_locale":null},"aioseo_breadcrumb":"<div class=\"aioseo-breadcrumbs\"><span class=\"aioseo-breadcrumb\">\n\t\t\t<a href=\"https:\/\/criticanoespecializada.com.ar\/en\" title=\"Home\">Home<\/a>\n\t\t<\/span><span class=\"aioseo-breadcrumb-separator\">&raquo;<\/span><span class=\"aioseo-breadcrumb\">\n\t\t\t<a href=\"https:\/\/criticanoespecializada.com.ar\/en\/category\/cine-y-series\/\" title=\"Cine y Series\">Cine y Series<\/a>\n\t\t<\/span><span class=\"aioseo-breadcrumb-separator\">&raquo;<\/span><span class=\"aioseo-breadcrumb\">\n\t\t\t<a href=\"https:\/\/criticanoespecializada.com.ar\/en\/category\/cine-y-series\/entrevistas\/\" title=\"Entrevistas\">Entrevistas<\/a>\n\t\t<\/span><span class=\"aioseo-breadcrumb-separator\">&raquo;<\/span><span class=\"aioseo-breadcrumb\">\n\t\t\tWaymor: La girl band de rock que quiere romper los prejuicios del la escena musical en interior del pa\u00eds\n\t\t<\/span><\/div>","aioseo_breadcrumb_json":[{"label":"Home","link":"https:\/\/criticanoespecializada.com.ar\/en"},{"label":"Cine y Series","link":"https:\/\/criticanoespecializada.com.ar\/en\/category\/cine-y-series\/"},{"label":"Entrevistas","link":"https:\/\/criticanoespecializada.com.ar\/en\/category\/cine-y-series\/entrevistas\/"},{"label":"Waymor: La girl band de rock que quiere romper los prejuicios del la escena musical en interior del pa\u00eds","link":"https:\/\/criticanoespecializada.com.ar\/en\/waymor-girl-band\/"}],"_links":{"self":[{"href":"https:\/\/criticanoespecializada.com.ar\/en\/wp-json\/wp\/v2\/posts\/12052","targetHints":{"allow":["GET"]}}],"collection":[{"href":"https:\/\/criticanoespecializada.com.ar\/en\/wp-json\/wp\/v2\/posts"}],"about":[{"href":"https:\/\/criticanoespecializada.com.ar\/en\/wp-json\/wp\/v2\/types\/post"}],"author":[{"embeddable":true,"href":"https:\/\/criticanoespecializada.com.ar\/en\/wp-json\/wp\/v2\/users\/14"}],"replies":[{"embeddable":true,"href":"https:\/\/criticanoespecializada.com.ar\/en\/wp-json\/wp\/v2\/comments?post=12052"}],"version-history":[{"count":5,"href":"https:\/\/criticanoespecializada.com.ar\/en\/wp-json\/wp\/v2\/posts\/12052\/revisions"}],"predecessor-version":[{"id":12068,"href":"https:\/\/criticanoespecializada.com.ar\/en\/wp-json\/wp\/v2\/posts\/12052\/revisions\/12068"}],"wp:featuredmedia":[{"embeddable":true,"href":"https:\/\/criticanoespecializada.com.ar\/en\/wp-json\/wp\/v2\/media\/12053"}],"wp:attachment":[{"href":"https:\/\/criticanoespecializada.com.ar\/en\/wp-json\/wp\/v2\/media?parent=12052"}],"wp:term":[{"taxonomy":"category","embeddable":true,"href":"https:\/\/criticanoespecializada.com.ar\/en\/wp-json\/wp\/v2\/categories?post=12052"},{"taxonomy":"post_tag","embeddable":true,"href":"https:\/\/criticanoespecializada.com.ar\/en\/wp-json\/wp\/v2\/tags?post=12052"}],"curies":[{"name":"wp","href":"https:\/\/api.w.org\/{rel}","templated":true}]}}