{"id":1944,"date":"2021-08-21T20:17:18","date_gmt":"2021-08-21T23:17:18","guid":{"rendered":"https:\/\/criticanoespecializada.com.ar\/?p=1944"},"modified":"2021-08-21T20:17:25","modified_gmt":"2021-08-21T23:17:25","slug":"semana-del-cine-documental-argentino","status":"publish","type":"post","link":"https:\/\/criticanoespecializada.com.ar\/en\/semana-del-cine-documental-argentino\/","title":{"rendered":"8va. SEMANA DEL CINE DOCUMENTAL ARGENTINO"},"content":{"rendered":"<h2 class=\"wp-block-heading\"><strong>8va. SEMANA DEL CINE DOCUMENTAL ARGENTINO<\/strong> <strong>8va. SEMANA DEL CINE<br>DOCUMENTAL ARGENTINO<\/strong><\/h2>\n\n\n\n<div class=\"wp-block-image\"><figure class=\"aligncenter size-large\"><img loading=\"lazy\" decoding=\"async\" width=\"617\" height=\"1024\" src=\"https:\/\/criticanoespecializada.com.ar\/wp-content\/uploads\/2021\/08\/SEMANA-DEL-CINE-DOCUMENTAL-ARGENTINO-617x1024.jpg\" alt=\"Semana del cine documental argentino\" class=\"wp-image-1948\" title=\"\" srcset=\"https:\/\/criticanoespecializada.com.ar\/wp-content\/uploads\/2021\/08\/SEMANA-DEL-CINE-DOCUMENTAL-ARGENTINO-617x1024.jpg 617w, https:\/\/criticanoespecializada.com.ar\/wp-content\/uploads\/2021\/08\/SEMANA-DEL-CINE-DOCUMENTAL-ARGENTINO-181x300.jpg 181w, https:\/\/criticanoespecializada.com.ar\/wp-content\/uploads\/2021\/08\/SEMANA-DEL-CINE-DOCUMENTAL-ARGENTINO-768x1275.jpg 768w, https:\/\/criticanoespecializada.com.ar\/wp-content\/uploads\/2021\/08\/SEMANA-DEL-CINE-DOCUMENTAL-ARGENTINO-925x1536.jpg 925w, https:\/\/criticanoespecializada.com.ar\/wp-content\/uploads\/2021\/08\/SEMANA-DEL-CINE-DOCUMENTAL-ARGENTINO-7x12.jpg 7w, https:\/\/criticanoespecializada.com.ar\/wp-content\/uploads\/2021\/08\/SEMANA-DEL-CINE-DOCUMENTAL-ARGENTINO.jpg 1000w\" sizes=\"auto, (max-width: 617px) 100vw, 617px\" \/><\/figure><\/div>\n\n\n<p><strong>Se viene la 8va. SEMANA DEL CINE DOCUMENTAL ARGENTINO<\/strong><br \/><br \/><strong>Del 24 al 31 de Agosto 2021 por la plataforma\u00a0<a href=\"https:\/\/analiasanchezprensa.us17.list-manage.com\/track\/click?u=791f62f09c0b891c6c8589a30&amp;id=e502c783bd&amp;e=a18e31b9ec\" target=\"_blank\" rel=\"noopener\" data-saferedirecturl=\"https:\/\/www.google.com\/url?q=https:\/\/analiasanchezprensa.us17.list-manage.com\/track\/click?u%3D791f62f09c0b891c6c8589a30%26id%3De502c783bd%26e%3Da18e31b9ec&amp;source=gmail&amp;ust=1629669362590000&amp;usg=AFQjCNGGYWF7csOIpUOnePi-IZAVhN2RJw\">Vivamos Cultura<\/a><\/strong><br \/><strong>La 8\u00b0\u00a0<\/strong><strong><a role=\"link\" href=\"https:\/\/analiasanchezprensa.us17.list-manage.com\/track\/click?u=791f62f09c0b891c6c8589a30&amp;id=55384e4e92&amp;e=a18e31b9ec\" target=\"_blank\" rel=\"noopener\" data-saferedirecturl=\"https:\/\/www.google.com\/url?q=https:\/\/analiasanchezprensa.us17.list-manage.com\/track\/click?u%3D791f62f09c0b891c6c8589a30%26id%3D55384e4e92%26e%3Da18e31b9ec&amp;source=gmail&amp;ust=1629669362591000&amp;usg=AFQjCNH9PtaI7XmYHwwZM6ZfCva1zZsW2g\">#SemanaADN<\/a><\/strong><strong>\u00a0ser\u00e1 completamente online, libre y gratuita<\/strong><\/p>\n\n<p style=\"text-align: justify;\">Luego de dos a\u00f1os vuelve a realizarse la<br \/><strong>8ta SEMANA DEL CINE DOCUMENTAL ARGENTINO<\/strong>.<br \/><br \/>Organizada por la asociaci\u00f3n ADN &#8211; Asociaci\u00f3n de directores y productores de cine documental argentino &#8211; vuelve este cl\u00e1sico evento con 9 largometrajes en calidad de preestreno y 10 cortometrajes con miradas frescas y diversas.\u00a0<br \/><br \/>En esta nueva edici\u00f3n se mostrar\u00e1n historias de amor y militancia en los 70s, relatos que indagan en v\u00ednculos amorosos de m\u00e1s de cincuenta a\u00f1os, en el choque entre el derecho a la salud y el derecho al trabajo, en el rol de las y los j\u00f3venes en la lucha por el derecho a la educaci\u00f3n, relatos que reflexionan sobre la memoria y el olvido, sobre si \u00bfes posible descubrir el canto y brillar con ello a los 80 a\u00f1os?<\/p>\n<p style=\"text-align: justify;\">Sobre los y las deportistas con capacidades especiales y la lucha de una mujer humilde que pelea por sus deseos y su destino, tambi\u00e9n sobre las motos y las pasiones en Cuba y sobre ni\u00f1as y ni\u00f1os ucranianos con consecuencias t\u00f3xicas producto del estallido en Chern\u00f3bil.<br \/><br \/><span style=\"color: #000000;\">Variedad de estilos, de propuestas, de dispositivos. Miradas que renuevan las pantallas, miradas\u00a0genuinas, honestas y profundas.<\/span><br \/><br \/><span style=\"color: #000000;\">As\u00ed se presenta la 8va.\u00a0Semana del Cine Documental Argentino.<\/span><br \/><span style=\"color: #000000;\">Las y los invitamos a ser parte de estos universos.<\/span><\/p>\n\n\n<blockquote class=\"wp-block-quote is-layout-flow wp-block-quote-is-layout-flow\"><p>Y s\u00e9 muy bien por qu\u00e9 adopt\u00e9 el cine: para que a cambio me adoptara, para que me ense\u00f1ara a tocar incansablemente con la mirada a qu\u00e9 distancia de m\u00ed empezaba el otro\u00b4. Serge Daney habla del cine. Y as\u00ed pensamos y hacemos el cine documental. Un cine que es el producto de un encuentro, un encuentro con el otro, quien mira y quien es mirado, donde ambos salen afectados, y producto de esa afectaci\u00f3n nace un discurso cinematogr\u00e1fico partiendo de un principio de realidad, hay personas, hay paisajes, hay conflictos, hay luchas y hay deseos. Nosotras y nosotros los miramos, entramos en juego con todo ello y producimos un discurso al que llamamos cine documental.<\/p><p>De todo ello hablamos, en todo eso nos sumergimos y miramos y sentimos.<\/p><cite><strong>NOTAS DE LAS Y LOS\u00a0ORGANIZADORES<\/strong><\/cite><\/blockquote>\n\n\n\n<figure class=\"wp-block-embed is-type-video is-provider-youtube wp-block-embed-youtube wp-embed-aspect-16-9 wp-has-aspect-ratio\"><div class=\"wp-block-embed__wrapper\">\n<iframe loading=\"lazy\" title=\"SPOT 8 SEMANA ADN - del 24 al 31 de agosto 2021\" width=\"1110\" height=\"624\" src=\"https:\/\/www.youtube.com\/embed\/LxTk-fw9Rys?feature=oembed\" frameborder=\"0\" allow=\"accelerometer; autoplay; clipboard-write; encrypted-media; gyroscope; picture-in-picture\" allowfullscreen><\/iframe>\n<\/div><\/figure>\n\n\n\n<p>&#8220;El universo de quienes&nbsp;hacemos cine documental en Argentina es amplio y diverso. \u00bfPor qu\u00e9 hacemos estas pel\u00edculas? \u00bfPara qu\u00e9 las hacemos?<br>\u00bfQu\u00e9 nos pasa con lo que hacemos?<\/p>\n\n\n\n<p>Estas preguntas no se pueden responder sin pensar en el campo de la producci\u00f3n documental, ya que es all\u00ed donde se dan las batallas narrativas sociales e hist\u00f3ricas y que llegan a un p\u00fablico masivo. Ese p\u00fablico mira las pel\u00edculas en pantallas diversas que ocupan espacios privilegiados. Ese p\u00fablico es interpelado por la historia que sucede ante sus ojos y sus o\u00eddos, se establece un v\u00ednculo entre esa historia que ocurre en la pantalla y quien mira y siente. <\/p>\n\n\n\n<p>Ese v\u00ednculo transforma a quienes miran los documentales, no s\u00f3lo porque es una aventura a un mundo desconocido que se devela en esa pantalla sino porque quien mira presencia un momento hist\u00f3rico de \u201cotra persona o personas\u201d que dejan de ser desconocidos para ser parte de ese mundo desde donde miramos.<\/p>\n\n\n\n<p>Que existan fondos p\u00fablicos para producir cine es una pol\u00edtica de estado. Pelear por sostenerlos responde a una actitud pol\u00edtica. Tener el derecho de producir miradas, tem\u00e1ticas y narrativas diversas desde lo federal y con perspectiva de g\u00e9nero es crucial en tiempos donde las plataformas impactan de maneras tan significativas en nuestras subjetividades.<\/p>\n\n\n\n<p>El fomento estatal es la base para financiar la producci\u00f3n de cine documental.<\/p>\n\n\n\n<p>El Estado argentino debe asegurar el derecho que hemos conquistado y que no podemos dejar de tener:&nbsp;el fomento estatal para producir<br>nuestras pel\u00edculas&#8221;.&nbsp;<\/p>\n\n\n\n<h4 class=\"has-text-align-right wp-block-heading\"><em><strong>Asociaci\u00f3n ADN<\/strong><\/em><\/h4>\n\n\n\n<h2 class=\"wp-block-heading\">9 Largometrajes<\/h2>\n\n\n<p style=\"text-align: justify;\">A continuaci\u00f3n, les presentamos la programaci\u00f3n de t\u00edtulos que comprenden la 8va. Semana del Cine Documental Argentino, la cual estar\u00e1 disponible para ser visualizada en forma gratuita desde el 24 al 31 de Agosto por la plataforma.<\/p>\n\n\n<h2 class=\"wp-block-heading\"><strong>ADI\u00d3S A LA MEMORIA<\/strong><\/h2>\n\n\n\n<figure class=\"wp-block-image size-full is-resized\"><img loading=\"lazy\" decoding=\"async\" src=\"https:\/\/criticanoespecializada.com.ar\/wp-content\/uploads\/2021\/08\/Adios-a-la-memoria.jpg\" alt=\"\" class=\"wp-image-1949\" width=\"840\" height=\"472\" title=\"\" srcset=\"https:\/\/criticanoespecializada.com.ar\/wp-content\/uploads\/2021\/08\/Adios-a-la-memoria.jpg 858w, https:\/\/criticanoespecializada.com.ar\/wp-content\/uploads\/2021\/08\/Adios-a-la-memoria-300x169.jpg 300w, https:\/\/criticanoespecializada.com.ar\/wp-content\/uploads\/2021\/08\/Adios-a-la-memoria-768x432.jpg 768w, https:\/\/criticanoespecializada.com.ar\/wp-content\/uploads\/2021\/08\/Adios-a-la-memoria-18x10.jpg 18w\" sizes=\"auto, (max-width: 840px) 100vw, 840px\" \/><figcaption>Adi\u00f3s a la memoria &#8211; <strong>SEMANA DEL CINE DOCUMENTAL ARGENTINO<\/strong><\/figcaption><\/figure>\n\n\n<p style=\"text-align: justify;\">Argentina, 2020,\u00a095\u2019<br \/>Gui\u00f3n y\u00a0Direcci\u00f3n: Nicol\u00e1s Prividera.\u00a0<br \/>Protagonistas: Hector Prividera,\u00a0Nicolas Prividera.<br \/>Producci\u00f3n: Pablo Ratto;\u00a0Producci\u00f3n ejecutiva;\u00a0Pablo Ratto;\u00a0Fotograf\u00eda: Hector Prividera,\u00a0Nicolas Prividera;\u00a0Sonido: Ruben Piputto;\u00a0Montaje: Hernan Roselli.<br \/><br \/><strong>Sinopsis:<\/strong><br \/>Un padre que ha perdido la memoria, mientras en su pa\u00eds se impone un gobierno que propone el olvido. Un hijo que bucea en las pel\u00edculas familiares que film\u00f3 su padre, buscando los rastros de su propia memoria. Y entre ambos, el recuerdo imposible de la madre desaparecida.<\/p>\n\n\n<h2 class=\"wp-block-heading\">Amar Amando<\/h2>\n\n\n\n<figure class=\"wp-block-image size-large\"><img loading=\"lazy\" decoding=\"async\" width=\"1024\" height=\"576\" src=\"https:\/\/criticanoespecializada.com.ar\/wp-content\/uploads\/2021\/08\/Amar-Amando-1024x576.jpg\" alt=\"\" class=\"wp-image-1950\" title=\"\" srcset=\"https:\/\/criticanoespecializada.com.ar\/wp-content\/uploads\/2021\/08\/Amar-Amando-1024x576.jpg 1024w, https:\/\/criticanoespecializada.com.ar\/wp-content\/uploads\/2021\/08\/Amar-Amando-300x169.jpg 300w, https:\/\/criticanoespecializada.com.ar\/wp-content\/uploads\/2021\/08\/Amar-Amando-768x432.jpg 768w, https:\/\/criticanoespecializada.com.ar\/wp-content\/uploads\/2021\/08\/Amar-Amando-1536x864.jpg 1536w, https:\/\/criticanoespecializada.com.ar\/wp-content\/uploads\/2021\/08\/Amar-Amando-18x10.jpg 18w, https:\/\/criticanoespecializada.com.ar\/wp-content\/uploads\/2021\/08\/Amar-Amando.jpg 1920w\" sizes=\"auto, (max-width: 1024px) 100vw, 1024px\" \/><figcaption>Amar amando &#8211; <strong><strong>SEMANA DEL CINE DOCUMENTAL ARGENTINO<\/strong><\/strong><\/figcaption><\/figure>\n\n\n<p style=\"text-align: justify;\">Argentina, 2018, 71\u00b4<br \/>Gui\u00f3n y Direcci\u00f3n: Yael Szmulewicz. \u00a0<br \/>Protagonistas: Nidia Temporelli y Juan Villarreal. \u00a0\u00a0<br \/>Producci\u00f3n: Yael Szmulewicz;\u00a0Producci\u00f3n ejecutiva: Yael Szmulewicz;\u00a0Fotograf\u00eda: Mariana Russo, Yael Szmulewicz;\u00a0M\u00fasica: Juan Villarreal; Sonido: Juan Krimykiewicz; Montaje: Alina Couto.<br \/><br \/><strong>Sinopsis:<\/strong><br \/>A los 80 a\u00f1os, despu\u00e9s de una vida como maestra, Nidia empieza a estudiar canto y de la mano de Juan Villarreal de 36 a\u00f1os, a quien conquista con su carisma, empieza a transitar por distintos boliches porte\u00f1os. Vive y canta con una intensidad que moviliza a todo el que la conoce.\u00a0<\/p>\n\n\n<h2 class=\"wp-block-heading\">Dorados 50<\/h2>\n\n\n\n<figure class=\"wp-block-image size-large\"><img loading=\"lazy\" decoding=\"async\" width=\"1024\" height=\"576\" src=\"https:\/\/criticanoespecializada.com.ar\/wp-content\/uploads\/2021\/08\/Dorados-50-1024x576.jpg\" alt=\"\" class=\"wp-image-1951\" title=\"\" srcset=\"https:\/\/criticanoespecializada.com.ar\/wp-content\/uploads\/2021\/08\/Dorados-50-1024x576.jpg 1024w, https:\/\/criticanoespecializada.com.ar\/wp-content\/uploads\/2021\/08\/Dorados-50-300x169.jpg 300w, https:\/\/criticanoespecializada.com.ar\/wp-content\/uploads\/2021\/08\/Dorados-50-768x432.jpg 768w, https:\/\/criticanoespecializada.com.ar\/wp-content\/uploads\/2021\/08\/Dorados-50-1536x864.jpg 1536w, https:\/\/criticanoespecializada.com.ar\/wp-content\/uploads\/2021\/08\/Dorados-50-18x10.jpg 18w, https:\/\/criticanoespecializada.com.ar\/wp-content\/uploads\/2021\/08\/Dorados-50.jpg 2048w\" sizes=\"auto, (max-width: 1024px) 100vw, 1024px\" \/><figcaption>Dorados 50 &#8211; <strong>SEMANA DEL CINE DOCUMENTAL ARGENTINO<\/strong><\/figcaption><\/figure>\n\n\n<p style=\"text-align: justify;\">Argentina, 2021, 75\u00b4 \u00a0<br \/>Gui\u00f3n y Direcci\u00f3n: V\u00edctor Cruz y Alejandro Vagnenkos. \u00a0 \u00a0\u00a0<br \/>Protagonistas: Norma Beatriz Del Pup, Juan Carlos Gutierrez, Carlos Skliar, Any Katz, Jaime Tarasow, Jorge Gismondi, Marcela Urtasun, Julieta Escard\u00f3.<br \/>\u00a0Producci\u00f3n: V\u00edctor Cruz;\u00a0Fotograf\u00eda: Lucio Bonelli, Diego Poleri, Nicol\u00e1s Pittaluga y V\u00edctor Cruz;\u00a0M\u00fasica: Francisco Seoane;\u00a0Sonido: Francisco Seoane;\u00a0Montaje: Jimena Garc\u00eda Molt;\u00a0Arte: Laura del Carmen Gutierrez;\u00a0Compa\u00f1\u00eda productora: 16M.films. \u00a0<br \/><br \/><strong>Sinopsis:<\/strong><br \/><span style=\"color: #000000;\">\u00a0<\/span>En esta \u00e9poca donde nada es para siempre, \u00bfc\u00f3mo es posible que algunas personas sigan apostando a vivir juntas toda la vida? Dorados 50 es un encuentro con aquellos que se aman desde hace cincuenta a\u00f1os o m\u00e1s.<br \/>El protagonista filma una pel\u00edcula sobre amores infinitos e indaga con humor existencial acerca de la lucha diaria de vivir.<\/p>\n\n\n<h2 class=\"wp-block-heading\"><strong>HARLEY A LA CUBANA<\/strong><\/h2>\n\n\n\n<figure class=\"wp-block-image size-large\"><img loading=\"lazy\" decoding=\"async\" width=\"1024\" height=\"576\" src=\"https:\/\/criticanoespecializada.com.ar\/wp-content\/uploads\/2021\/08\/Harley-a-la-cubana-1024x576.jpg\" alt=\"\" class=\"wp-image-1952\" title=\"\" srcset=\"https:\/\/criticanoespecializada.com.ar\/wp-content\/uploads\/2021\/08\/Harley-a-la-cubana-1024x576.jpg 1024w, https:\/\/criticanoespecializada.com.ar\/wp-content\/uploads\/2021\/08\/Harley-a-la-cubana-300x169.jpg 300w, https:\/\/criticanoespecializada.com.ar\/wp-content\/uploads\/2021\/08\/Harley-a-la-cubana-768x432.jpg 768w, https:\/\/criticanoespecializada.com.ar\/wp-content\/uploads\/2021\/08\/Harley-a-la-cubana-1536x864.jpg 1536w, https:\/\/criticanoespecializada.com.ar\/wp-content\/uploads\/2021\/08\/Harley-a-la-cubana-18x10.jpg 18w, https:\/\/criticanoespecializada.com.ar\/wp-content\/uploads\/2021\/08\/Harley-a-la-cubana.jpg 2048w\" sizes=\"auto, (max-width: 1024px) 100vw, 1024px\" \/><figcaption>Harley a la cubana &#8211; <strong>SEMANA DEL CINE DOCUMENTAL ARGENTINO<\/strong><\/figcaption><\/figure>\n\n\n<p style=\"text-align: justify;\">Argentina, Cuba, Venezuela, 2021, 95\u00b4<br \/>Direcci\u00f3n: Fito Pochat. \u00a0<br \/>Gui\u00f3n: Gabriela Gonz\u00e1lez Fuentes y Fito Pochat.<br \/>Protagonistas: Armandito \u201cMandy\u201d Zurbar\u00e1n, Rolando M\u00e1ximo Reguera, Eladio Fidel Castillo, Gabriel Rodr\u00edguez, Sergio S\u00e1nchez.<br \/>Producci\u00f3n: Motoneta Cine \u2013 La Taguara F\u00edlmica;\u00a0Producci\u00f3n ejecutiva: Fito Pochat;\u00a0Fotograf\u00eda: Nicol\u00e1s Pittaluga;\u00a0M\u00fasica: Ray Fern\u00e1ndez;\u00a0Sonido: Est\u00e9ban Bruz\u00f3n;\u00a0Montaje: Alejandro Carrillo Penovi;\u00a0Arte: Yuruani Rodr\u00edguez.<br \/>\u00a0<br \/><strong>Sinopsis:<\/strong><br \/><span style=\"color: #000000;\">\u00a0<\/span>Mandy, un joven de 20 a\u00f1os que vive en las afueras de la Habana, sue\u00f1a con convertirse en el mejor mec\u00e1nico de Harley. Ha aprendido todos los secretos para mantener rodando estas m\u00e1quinas junto a Jos\u00e9 Sobrino, su padrastro. Sobrino es una leyenda viva de la mec\u00e1nica y due\u00f1o del mejor taller de Harley Davidson de toda Cuba.\u00a0<\/p>\n\n\n<h2 class=\"wp-block-heading\">Mari<\/h2>\n\n\n\n<figure class=\"wp-block-image size-large\"><img loading=\"lazy\" decoding=\"async\" width=\"1024\" height=\"576\" src=\"https:\/\/criticanoespecializada.com.ar\/wp-content\/uploads\/2021\/08\/Mari-1024x576.png\" alt=\"\" class=\"wp-image-1953\" title=\"\" srcset=\"https:\/\/criticanoespecializada.com.ar\/wp-content\/uploads\/2021\/08\/Mari-1024x576.png 1024w, https:\/\/criticanoespecializada.com.ar\/wp-content\/uploads\/2021\/08\/Mari-300x169.png 300w, https:\/\/criticanoespecializada.com.ar\/wp-content\/uploads\/2021\/08\/Mari-768x432.png 768w, https:\/\/criticanoespecializada.com.ar\/wp-content\/uploads\/2021\/08\/Mari-1536x864.png 1536w, https:\/\/criticanoespecializada.com.ar\/wp-content\/uploads\/2021\/08\/Mari-18x10.png 18w, https:\/\/criticanoespecializada.com.ar\/wp-content\/uploads\/2021\/08\/Mari.png 2048w\" sizes=\"auto, (max-width: 1024px) 100vw, 1024px\" \/><figcaption>Mari &#8211; <strong>SEMANA DEL CINE DOCUMENTAL ARGENTINO<\/strong><\/figcaption><\/figure>\n\n\n<p style=\"text-align: justify;\">Argentina, 2021, 82\u00b4<br \/>Gui\u00f3n y Direcci\u00f3n: Mariana Turkieh y Adriana Yurcovich.<br \/>Protagonistas: Mar\u00eda Luisa Su\u00e1rez.<br \/>Producci\u00f3n:\u00a0Adriana Yurcovich;\u00a0Producci\u00f3n ejecutiva: Adriana Yurcovich;\u00a0Fotograf\u00eda: Lucas Marcheggiano y Mariana Turkieh;\u00a0M\u00fasica: Mariana Macchiarola;\u00a0Sonido: Mariana Turkieh;\u00a0Montaje: Mariana Turkieh y Xi Chen.<br \/><br \/><strong>Sinopsis:<\/strong><br \/>Mari, acostumbrada a la represi\u00f3n de su voz y su voluntad, un d\u00eda deja a su marido que la maltrata y pide refugio en la casa de Adriana (co-directora de la pel\u00edcula), donde trabaja como empleada dom\u00e9stica.\u00a0A pesar de las presiones, comienza otra vida y se redescubre.<\/p>\n\n\n<h2 class=\"wp-block-heading\"><strong>RECATATE CON LOS PIBES<\/strong><\/h2>\n\n\n\n<figure class=\"wp-block-image size-large\"><img loading=\"lazy\" decoding=\"async\" width=\"1024\" height=\"576\" src=\"https:\/\/criticanoespecializada.com.ar\/wp-content\/uploads\/2021\/08\/Recatate-con-los-pibes-1024x576.jpg\" alt=\"\" class=\"wp-image-1954\" title=\"\" srcset=\"https:\/\/criticanoespecializada.com.ar\/wp-content\/uploads\/2021\/08\/Recatate-con-los-pibes-1024x576.jpg 1024w, https:\/\/criticanoespecializada.com.ar\/wp-content\/uploads\/2021\/08\/Recatate-con-los-pibes-300x169.jpg 300w, https:\/\/criticanoespecializada.com.ar\/wp-content\/uploads\/2021\/08\/Recatate-con-los-pibes-768x432.jpg 768w, https:\/\/criticanoespecializada.com.ar\/wp-content\/uploads\/2021\/08\/Recatate-con-los-pibes-1536x864.jpg 1536w, https:\/\/criticanoespecializada.com.ar\/wp-content\/uploads\/2021\/08\/Recatate-con-los-pibes-18x10.jpg 18w, https:\/\/criticanoespecializada.com.ar\/wp-content\/uploads\/2021\/08\/Recatate-con-los-pibes.jpg 2048w\" sizes=\"auto, (max-width: 1024px) 100vw, 1024px\" \/><figcaption>Recatate con los pibes &#8211; <strong>SEMANA DEL CINE DOCUMENTAL ARGENTINO<\/strong><\/figcaption><\/figure>\n\n\n<p style=\"text-align: justify;\">Argentina, 2020, 65\u00b4<br \/>Gui\u00f3n y Direcci\u00f3n: Marcos Coria y Mariano Corbacho.<br \/>Protagonistas: Ofelia Fern\u00e1ndez, Antonella Giuso, Ignacio Mattos, Santiago Legato, Nicol\u00e1s Cernadas.<br \/>Producci\u00f3n:\u00a0Marcos Coria y Mariano Corbacho;\u00a0Producci\u00f3n ejecutiva: Mariano Corbacho;\u00a0Fotograf\u00eda: Marcos Coria y Mariano Corbacho;\u00a0M\u00fasica: Iv\u00e1n Meluk y Ramiro Reschia;\u00a0Sonido: Pablo \u201cChino\u201d Guardia;\u00a0Montaje: Marcos Coria y Mariano Corbacho.<br \/><br \/><strong>Sinopsis:<\/strong><br \/>\u00a0Trascendiendo la imagen instalada por los medios masivos de comunicaci\u00f3n, estudiantes secundarios de CABA le ponen voz a un documental que reconstruye desde el a\u00f1o 2010 una d\u00e9cada de organizaci\u00f3n en defensa de la educaci\u00f3n p\u00fablica.<\/p>\n\n\n<h2 class=\"wp-block-heading\">TARANTO<\/h2>\n\n\n\n<figure class=\"wp-block-image size-large\"><img loading=\"lazy\" decoding=\"async\" width=\"1024\" height=\"576\" src=\"https:\/\/criticanoespecializada.com.ar\/wp-content\/uploads\/2021\/08\/TARANTO-1024x576.jpg\" alt=\"\" class=\"wp-image-1955\" title=\"\" srcset=\"https:\/\/criticanoespecializada.com.ar\/wp-content\/uploads\/2021\/08\/TARANTO-1024x576.jpg 1024w, https:\/\/criticanoespecializada.com.ar\/wp-content\/uploads\/2021\/08\/TARANTO-300x169.jpg 300w, https:\/\/criticanoespecializada.com.ar\/wp-content\/uploads\/2021\/08\/TARANTO-768x432.jpg 768w, https:\/\/criticanoespecializada.com.ar\/wp-content\/uploads\/2021\/08\/TARANTO-1536x864.jpg 1536w, https:\/\/criticanoespecializada.com.ar\/wp-content\/uploads\/2021\/08\/TARANTO-18x10.jpg 18w, https:\/\/criticanoespecializada.com.ar\/wp-content\/uploads\/2021\/08\/TARANTO.jpg 2048w\" sizes=\"auto, (max-width: 1024px) 100vw, 1024px\" \/><figcaption>Taranto &#8211; <strong>SEMANA DEL CINE DOCUMENTAL ARGENTINO<\/strong><\/figcaption><\/figure>\n\n\n<p style=\"text-align: justify;\">Argentina, 2021, 64\u00b4<br \/>Gui\u00f3n y Direcci\u00f3n: V\u00edctor Cruz.<br \/>Protagonistas: Alessandro Marescotti, Vincenzo Fornaro, Anna Svelto, Fabio\u00a0Matachiera, Umberto Attolino, Carmelo Attolino.<br \/>Producci\u00f3n:\u00a0V\u00edctor Cruz;\u00a0Fotograf\u00eda: Matteo Vieille y V\u00edctor Cruz;\u00a0M\u00fasica: Francisco Seoane;\u00a0Sonido:\u00a0Francisco Seoane;\u00a0Montaje: Marcos Pastor y V\u00edctor Cruz;\u00a0Arte: Laura del Carmen Gutierrez;\u00a0Compa\u00f1\u00eda productora: 16M.films.<br \/><br \/><strong>Sinopsis:<\/strong><br \/>\u00a0El cierre parcial de la acer\u00eda m\u00e1s grande de Europa, a causa de la contaminaci\u00f3n que produce, divide a una ciudad entre aquellos que denuncian el desastre sanitario ambiental y los que temen perder sus empleos. Salud y trabajo colisionan en el sur de la Italia industrial, v\u00edctimas de la codicia empresarial y la desidia estatal.<\/p>\n\n\n<h2 class=\"wp-block-heading\">TARARA<\/h2>\n\n\n\n<figure class=\"wp-block-image size-large\"><img loading=\"lazy\" decoding=\"async\" width=\"1024\" height=\"576\" src=\"https:\/\/criticanoespecializada.com.ar\/wp-content\/uploads\/2021\/08\/TARARA-1024x576.jpg\" alt=\"\" class=\"wp-image-1956\" title=\"\" srcset=\"https:\/\/criticanoespecializada.com.ar\/wp-content\/uploads\/2021\/08\/TARARA-1024x576.jpg 1024w, https:\/\/criticanoespecializada.com.ar\/wp-content\/uploads\/2021\/08\/TARARA-300x169.jpg 300w, https:\/\/criticanoespecializada.com.ar\/wp-content\/uploads\/2021\/08\/TARARA-768x432.jpg 768w, https:\/\/criticanoespecializada.com.ar\/wp-content\/uploads\/2021\/08\/TARARA-1536x864.jpg 1536w, https:\/\/criticanoespecializada.com.ar\/wp-content\/uploads\/2021\/08\/TARARA-18x10.jpg 18w, https:\/\/criticanoespecializada.com.ar\/wp-content\/uploads\/2021\/08\/TARARA.jpg 2048w\" sizes=\"auto, (max-width: 1024px) 100vw, 1024px\" \/><figcaption>Tarara &#8211; <strong>SEMANA DEL CINE DOCUMENTAL ARGENTINO<\/strong><\/figcaption><\/figure>\n\n\n<p style=\"text-align: justify;\">Argentina, 2021, 70\u00b4<br \/>Gui\u00f3n y Direcci\u00f3n: Ernesto Fontan.<br \/>Protagonistas: Aleksandr Savchenko, Vladimir Rudenko, Silvio Rodr\u00edguez, Aleida Guevara, Ignacio Ramonet, Roberto Fern\u00e1ndez Retamar.<br \/>Producci\u00f3n:\u00a0Juan Pablo Di Bitonto y Ernesto Fontan;\u00a0Producci\u00f3n ejecutiva: Tatiana Nemecek;\u00a0Fotograf\u00eda: Bruno Scarponi;\u00a0M\u00fasica: Roly Berr\u00edo y Mariano Otero;\u00a0Sonido: Marcos Coria;\u00a0Montaje: Ernesto Fontan;\u00a0Idea original: Paola Gallo Pel\u00e1ez;\u00a0Director de Producci\u00f3n: Gabriel Badaraco.<br \/>\u00a0<br \/><strong>Sinopsis:<\/strong><br \/>Alexandr y Vladimir, dos ni\u00f1os ucranianos que sufrieron la radiaci\u00f3n por la explosi\u00f3n de la central nuclear de Chernobil, viajan miles de kil\u00f3metros de su hogar para sanarse.\u00a0Junto a otros 26.000 ni\u00f1os, tambi\u00e9n afectados por la radiaci\u00f3n, llegan a la ciudad de Tarar\u00e1 en Cuba, donde se organiza un programa de recuperaci\u00f3n integral para las v\u00edctimas.<br \/>A trav\u00e9s de los protagonistas de este programa in\u00e9dito reconstruimos una apasionante historia.<\/p>\n\n\n<h2 class=\"wp-block-heading\"><strong>TRES COSAS B\u00c1SICAS<\/strong><\/h2>\n\n\n\n<figure class=\"wp-block-image size-large\"><img loading=\"lazy\" decoding=\"async\" width=\"1024\" height=\"576\" src=\"https:\/\/criticanoespecializada.com.ar\/wp-content\/uploads\/2021\/08\/Tres-cosas-basicas-1024x576.jpg\" alt=\"\" class=\"wp-image-1957\" title=\"\" srcset=\"https:\/\/criticanoespecializada.com.ar\/wp-content\/uploads\/2021\/08\/Tres-cosas-basicas-1024x576.jpg 1024w, https:\/\/criticanoespecializada.com.ar\/wp-content\/uploads\/2021\/08\/Tres-cosas-basicas-300x169.jpg 300w, https:\/\/criticanoespecializada.com.ar\/wp-content\/uploads\/2021\/08\/Tres-cosas-basicas-768x432.jpg 768w, https:\/\/criticanoespecializada.com.ar\/wp-content\/uploads\/2021\/08\/Tres-cosas-basicas-1536x864.jpg 1536w, https:\/\/criticanoespecializada.com.ar\/wp-content\/uploads\/2021\/08\/Tres-cosas-basicas-18x10.jpg 18w, https:\/\/criticanoespecializada.com.ar\/wp-content\/uploads\/2021\/08\/Tres-cosas-basicas.jpg 2048w\" sizes=\"auto, (max-width: 1024px) 100vw, 1024px\" \/><figcaption>Tres cosas b\u00e1sicas &#8211; <strong>SEMANA DEL CINE DOCUMENTAL ARGENTINO<\/strong><\/figcaption><\/figure>\n\n\n<p>Argentina, M\u00e9xico, Cuba, 2021, 70\u00b4<br \/>Direcci\u00f3n: Francisco Matiozzi Molinas.<br \/>Gui\u00f3n:\u00a0Francisco Matiozzi Molinas. Andres Habegger.<br \/>Protagonistas:\u00a0Tulio &#8220;Tucho&#8221; Valenzuela, Raquel Negro, Pablo Fern\u00e1ndez Long,<br \/>Beatriz Torres.<br \/>Producci\u00f3n:\u00a0Francisco Matiozzi Molinas;\u00a0Producci\u00f3n ejecutiva: Andres Habegger, David Blaustein, La Sand\u00eda Digital M\u00e9xico;\u00a0Fotograf\u00eda: Diego Gachassin. Mauro Barreca;\u00a0M\u00fasica: Mart\u00edn Delgado, Gonzalo Basterra;\u00a0Sonido: Gabriela Rivas Feoli, Eloisa Diez, Joaqu\u00edn Rajadeli;\u00a0Montaje: Francisco Matiozzi Molinas;\u00a0Arte: J\u00e9sica Aran, Antonela Solier.<br \/><br \/><strong>Sinopsis:<\/strong><br \/>\u00a0En 1978 el militante Tulio Valenzuela es secuestrado en Argentina, junto a su compa\u00f1era Raquel -embarazada- y su peque\u00f1o hijo. En ese momento, el General Galtieri le propone salvar sus vidas a cambio de viajar a M\u00e9xico y entregar a la c\u00fapula de Montoneros. En ciudad de M\u00e9xico, Tulio se fuga y denuncia a los militares argentinos. Sabe qu\u00e9 con ese hecho, Raquel tendr\u00e1 un final tr\u00e1gico. &#8220;Tres cosas b\u00e1sicas&#8221; es un thriller pol\u00edtico de amor y venganza.<\/p>\n\n\n<h2 class=\"wp-block-heading\">10 cortometrajes<\/h2>\n\n\n\n<h2 class=\"wp-block-heading\">AMELINA<\/h2>\n\n\n\n<figure class=\"wp-block-image size-large\"><img loading=\"lazy\" decoding=\"async\" width=\"1024\" height=\"576\" src=\"https:\/\/criticanoespecializada.com.ar\/wp-content\/uploads\/2021\/08\/AMELINA-1024x576.jpg\" alt=\"\" class=\"wp-image-1958\" title=\"\" srcset=\"https:\/\/criticanoespecializada.com.ar\/wp-content\/uploads\/2021\/08\/AMELINA-1024x576.jpg 1024w, https:\/\/criticanoespecializada.com.ar\/wp-content\/uploads\/2021\/08\/AMELINA-300x169.jpg 300w, https:\/\/criticanoespecializada.com.ar\/wp-content\/uploads\/2021\/08\/AMELINA-768x432.jpg 768w, https:\/\/criticanoespecializada.com.ar\/wp-content\/uploads\/2021\/08\/AMELINA-1536x864.jpg 1536w, https:\/\/criticanoespecializada.com.ar\/wp-content\/uploads\/2021\/08\/AMELINA-18x10.jpg 18w, https:\/\/criticanoespecializada.com.ar\/wp-content\/uploads\/2021\/08\/AMELINA.jpg 2048w\" sizes=\"auto, (max-width: 1024px) 100vw, 1024px\" \/><figcaption>Amelina &#8211; <strong>SEMANA DEL CINE DOCUMENTAL ARGENTINO<\/strong><\/figcaption><\/figure>\n\n\n<p style=\"text-align: justify;\">Argentina, 2018, 24\u00b4\u00a0<br \/>Gui\u00f3n, direcci\u00f3n y producci\u00f3n: Rub\u00e9n Guzm\u00e1n.<br \/>Protagonista: Amelina San Mart\u00edn.\u00a0<br \/><br \/><strong>Sinopsis:<\/strong><br \/>Amelina \u00abCoca\u00bb San Mart\u00edn creci\u00f3 en un lugar remoto en la Patagonia dentro de la caldera volc\u00e1nica de un supervolc\u00e1n extinto, rico en restos arqueol\u00f3gicos y paleontol\u00f3gicos. Su vida humilde transcurre en medio de su reconocida colecci\u00f3n arqueol\u00f3gica, sus gatos, sus peces y sus queridos \u00abchoikes\u00bb (\u00f1and\u00faes).<\/p>\n\n\n<h2 class=\"wp-block-heading\"><strong>D\u00cdGANME TOMI<\/strong><\/h2>\n\n\n\n<figure class=\"wp-block-image size-large\"><img loading=\"lazy\" decoding=\"async\" width=\"1024\" height=\"576\" src=\"https:\/\/criticanoespecializada.com.ar\/wp-content\/uploads\/2021\/08\/Diganme-Tomi-1024x576.jpg\" alt=\"\" class=\"wp-image-1959\" title=\"\" srcset=\"https:\/\/criticanoespecializada.com.ar\/wp-content\/uploads\/2021\/08\/Diganme-Tomi-1024x576.jpg 1024w, https:\/\/criticanoespecializada.com.ar\/wp-content\/uploads\/2021\/08\/Diganme-Tomi-300x169.jpg 300w, https:\/\/criticanoespecializada.com.ar\/wp-content\/uploads\/2021\/08\/Diganme-Tomi-768x432.jpg 768w, https:\/\/criticanoespecializada.com.ar\/wp-content\/uploads\/2021\/08\/Diganme-Tomi-1536x864.jpg 1536w, https:\/\/criticanoespecializada.com.ar\/wp-content\/uploads\/2021\/08\/Diganme-Tomi-18x10.jpg 18w, https:\/\/criticanoespecializada.com.ar\/wp-content\/uploads\/2021\/08\/Diganme-Tomi.jpg 2048w\" sizes=\"auto, (max-width: 1024px) 100vw, 1024px\" \/><figcaption>Diganme Tomi &#8211; <strong>SEMANA DEL CINE DOCUMENTAL ARGENTINO<\/strong><\/figcaption><\/figure>\n\n\n<p style=\"text-align: justify;\">Argentina, 2017, 17\u00b4\u00a0<br \/>Direcci\u00f3n:\u00a0Agustina Claramonte.\u00a0<br \/>Producci\u00f3n: Sol Guarino, Julieta Zabalaga, Centro de Investigaci\u00f3n Cinematogr\u00e1fica. \u00a0<br \/><br \/><strong>Sinopsis:<\/strong><br \/>Tomi naci\u00f3 mujer, posee un sexo anat\u00f3mico femenino, pero no se identifica como tal. Por eso, decidi\u00f3 reafirmar su identidad de g\u00e9nero como hombre.<br \/>De a poco comenz\u00f3 a contarle a sus seres queridos sobre esta decisi\u00f3n y a pedirles que se refieran a \u00e9l como var\u00f3n.<\/p>\n\n\n<h2 class=\"wp-block-heading\"><strong>ESTA HERIDA CUANDO NO CICATRIZA SE VUELVE PIEDRA<\/strong><\/h2>\n\n\n\n<figure class=\"wp-block-image size-large\"><img loading=\"lazy\" decoding=\"async\" width=\"1024\" height=\"576\" src=\"https:\/\/criticanoespecializada.com.ar\/wp-content\/uploads\/2021\/08\/La-herida-no-cicatriza-se-vuelve-piedra-1024x576.jpg\" alt=\"\" class=\"wp-image-1960\" title=\"\" srcset=\"https:\/\/criticanoespecializada.com.ar\/wp-content\/uploads\/2021\/08\/La-herida-no-cicatriza-se-vuelve-piedra-1024x576.jpg 1024w, https:\/\/criticanoespecializada.com.ar\/wp-content\/uploads\/2021\/08\/La-herida-no-cicatriza-se-vuelve-piedra-300x169.jpg 300w, https:\/\/criticanoespecializada.com.ar\/wp-content\/uploads\/2021\/08\/La-herida-no-cicatriza-se-vuelve-piedra-768x432.jpg 768w, https:\/\/criticanoespecializada.com.ar\/wp-content\/uploads\/2021\/08\/La-herida-no-cicatriza-se-vuelve-piedra-1536x864.jpg 1536w, https:\/\/criticanoespecializada.com.ar\/wp-content\/uploads\/2021\/08\/La-herida-no-cicatriza-se-vuelve-piedra-18x10.jpg 18w, https:\/\/criticanoespecializada.com.ar\/wp-content\/uploads\/2021\/08\/La-herida-no-cicatriza-se-vuelve-piedra.jpg 2048w\" sizes=\"auto, (max-width: 1024px) 100vw, 1024px\" \/><figcaption>Esta herida cuando no cicatriza se vuelve piedra &#8211; <strong>SEMANA DEL CINE DOCUMENTAL ARGENTINO<\/strong><\/figcaption><\/figure>\n\n\n<p style=\"text-align: justify;\">Argentina, 2018, 13\u00b4<br \/>Direcci\u00f3n: Nicol\u00e1s Turjanski.\u00a0<br \/>Producci\u00f3n: Esteban Vijnovich.\u00a0<br \/><br \/><strong>Sinopsis:<\/strong><br \/><strong>\u00a0<\/strong>Jorge Bar\u00f3n Biza, escritor maldito de fines del siglo pasado, guard\u00f3 un silencio durante casi toda su vida. Su historia familiar \u2013hijo de celebridades locales\u2013 fue p\u00fablica desde antes de nacer. Debi\u00f3 haber una raz\u00f3n para luego de escribirla, suicidarse.<\/p>\n\n\n<h2 class=\"wp-block-heading\"><strong>FUMIGADXS<\/strong><\/h2>\n\n\n\n<figure class=\"wp-block-image size-large\"><img loading=\"lazy\" decoding=\"async\" width=\"1024\" height=\"576\" src=\"https:\/\/criticanoespecializada.com.ar\/wp-content\/uploads\/2021\/08\/Fumigadxs-1024x576.jpg\" alt=\"\" class=\"wp-image-1961\" title=\"\" srcset=\"https:\/\/criticanoespecializada.com.ar\/wp-content\/uploads\/2021\/08\/Fumigadxs-1024x576.jpg 1024w, https:\/\/criticanoespecializada.com.ar\/wp-content\/uploads\/2021\/08\/Fumigadxs-300x169.jpg 300w, https:\/\/criticanoespecializada.com.ar\/wp-content\/uploads\/2021\/08\/Fumigadxs-768x432.jpg 768w, https:\/\/criticanoespecializada.com.ar\/wp-content\/uploads\/2021\/08\/Fumigadxs-1536x864.jpg 1536w, https:\/\/criticanoespecializada.com.ar\/wp-content\/uploads\/2021\/08\/Fumigadxs-18x10.jpg 18w, https:\/\/criticanoespecializada.com.ar\/wp-content\/uploads\/2021\/08\/Fumigadxs.jpg 2048w\" sizes=\"auto, (max-width: 1024px) 100vw, 1024px\" \/><figcaption>Fumigadxs &#8211; <strong>SEMANA DEL CINE DOCUMENTAL ARGENTINO<\/strong><\/figcaption><\/figure>\n\n\n<p style=\"text-align: justify;\">Argentina, 2019, 10\u00b4<br \/>Direcci\u00f3n: Eloy Brollo.\u00a0<br \/>Producci\u00f3n: Ian Lietti Purchetto.\u00a0<br \/><br \/><strong>Sinopsis:<\/strong><br \/>Fumigadxs es un documental que aborda las sensaciones y testimonios de un grupo de vecinos que habitan un barrio fumigado por agrot\u00f3xicos. Estas son las historias detr\u00e1s de la agroindustria Argentina.<\/p>\n\n\n<h2 class=\"wp-block-heading\"><strong>LA HIJA INDIGNA<\/strong><\/h2>\n\n\n\n<figure class=\"wp-block-image size-large\"><img loading=\"lazy\" decoding=\"async\" width=\"1024\" height=\"576\" src=\"https:\/\/criticanoespecializada.com.ar\/wp-content\/uploads\/2021\/08\/La-hija-indigna-1024x576.jpg\" alt=\"\" class=\"wp-image-1962\" title=\"\" srcset=\"https:\/\/criticanoespecializada.com.ar\/wp-content\/uploads\/2021\/08\/La-hija-indigna-1024x576.jpg 1024w, https:\/\/criticanoespecializada.com.ar\/wp-content\/uploads\/2021\/08\/La-hija-indigna-300x169.jpg 300w, https:\/\/criticanoespecializada.com.ar\/wp-content\/uploads\/2021\/08\/La-hija-indigna-768x432.jpg 768w, https:\/\/criticanoespecializada.com.ar\/wp-content\/uploads\/2021\/08\/La-hija-indigna-1536x864.jpg 1536w, https:\/\/criticanoespecializada.com.ar\/wp-content\/uploads\/2021\/08\/La-hija-indigna-2048x1152.jpg 2048w, https:\/\/criticanoespecializada.com.ar\/wp-content\/uploads\/2021\/08\/La-hija-indigna-18x10.jpg 18w\" sizes=\"auto, (max-width: 1024px) 100vw, 1024px\" \/><figcaption>La hija indigna &#8211; <strong>SEMANA DEL CINE DOCUMENTAL ARGENTINO<\/strong><\/figcaption><\/figure>\n\n\n<p style=\"text-align: justify;\">Argentina, 2018, 14\u00b4<br \/>Direcci\u00f3n: Abril Victoria Dores. \u00a0\u00a0<br \/>Producci\u00f3n: Valentina Beltramella.\u00a0<br \/><br \/><strong>Sinopsis:<\/strong><br \/><strong>\u00a0<\/strong>Anal\u00eda Kalinec se despierta todos los d\u00edas sabiendo que su padre es responsable de la muerte y desaparici\u00f3n de miles de personas. Esta es la historia de una relaci\u00f3n padre-hija destruida por los actos m\u00e1s crueles que el ser humano puede realizar<\/p>\n\n\n<h2 class=\"wp-block-heading\"><strong>HURAC\u00c1N BERTA<\/strong><\/h2>\n\n\n\n<figure class=\"wp-block-image size-large\"><img loading=\"lazy\" decoding=\"async\" width=\"1024\" height=\"576\" src=\"https:\/\/criticanoespecializada.com.ar\/wp-content\/uploads\/2021\/08\/Hurancan-berta-1024x576.png\" alt=\"\" class=\"wp-image-1963\" title=\"\" srcset=\"https:\/\/criticanoespecializada.com.ar\/wp-content\/uploads\/2021\/08\/Hurancan-berta-1024x576.png 1024w, https:\/\/criticanoespecializada.com.ar\/wp-content\/uploads\/2021\/08\/Hurancan-berta-300x169.png 300w, https:\/\/criticanoespecializada.com.ar\/wp-content\/uploads\/2021\/08\/Hurancan-berta-768x432.png 768w, https:\/\/criticanoespecializada.com.ar\/wp-content\/uploads\/2021\/08\/Hurancan-berta-1536x864.png 1536w, https:\/\/criticanoespecializada.com.ar\/wp-content\/uploads\/2021\/08\/Hurancan-berta-18x10.png 18w, https:\/\/criticanoespecializada.com.ar\/wp-content\/uploads\/2021\/08\/Hurancan-berta.png 2048w\" sizes=\"auto, (max-width: 1024px) 100vw, 1024px\" \/><figcaption>Hurac\u00e1n Berta &#8211; <strong>SEMANA DEL CINE DOCUMENTAL ARGENTINO<\/strong><\/figcaption><\/figure>\n\n\n<p style=\"text-align: justify;\">Argentina, 2020, 15\u00b4\u00a0<br \/>Direcci\u00f3n: Daniela Ema Aguinsky. \u00a0\u00a0<br \/>Producci\u00f3n: Pedro Tazdejian, Ana Luc\u00eda Alva, Centro de Investigaci\u00f3n. \u00a0\u00a0<br \/><br \/><strong>Sinopsis:<\/strong><br \/><strong>\u00a0<\/strong>Es la estrella de las Fiestas PLOP! en Vorterix pero de d\u00eda enfrenta casos dif\u00edciles como trabajadora social en el Conurbano.<br \/>No todo es brillantina en la vida de la adorada Berta Rodas.<\/p>\n\n\n<h2 class=\"wp-block-heading\"><strong>KEN\u010cEN\u00c1K<\/strong><\/h2>\n\n\n\n\n<p style=\"text-align: justify;\">Chile, 2021, 10\u00b430\u00b4\u00b4<br \/>Direcci\u00f3n: Vanessa \u00c1lvarez. \u00a0 \u00a0<br \/>Producci\u00f3n: \u00c1lvaro Mota\u00f1a, Leticia Caro, Reinaldo Caro, Nayadete Vargas.\u00a0<br \/><br \/><strong>Sinopsis:<\/strong><br \/><strong>\u00a0\u00a0<\/strong>Desde su bote, Reinaldo Caro reflexiona sobre la entrada de la industria salmonera en el maritorio Kaw\u00e9sqar. Un espacio donde las comunidades posicionan su memoria ancestral, siendo adem\u00e1s este lugar un reservorio ecol\u00f3gico para la humanidad.<\/p>\n\n\n<h2 class=\"wp-block-heading\"><strong>LAS FUERZAS<\/strong><\/h2>\n\n\n\n<figure class=\"wp-block-image size-large\"><img loading=\"lazy\" decoding=\"async\" width=\"1024\" height=\"576\" src=\"https:\/\/criticanoespecializada.com.ar\/wp-content\/uploads\/2021\/08\/Las-fuerzas-1024x576.jpg\" alt=\"\" class=\"wp-image-1965\" title=\"\" srcset=\"https:\/\/criticanoespecializada.com.ar\/wp-content\/uploads\/2021\/08\/Las-fuerzas-1024x576.jpg 1024w, https:\/\/criticanoespecializada.com.ar\/wp-content\/uploads\/2021\/08\/Las-fuerzas-300x169.jpg 300w, https:\/\/criticanoespecializada.com.ar\/wp-content\/uploads\/2021\/08\/Las-fuerzas-768x432.jpg 768w, https:\/\/criticanoespecializada.com.ar\/wp-content\/uploads\/2021\/08\/Las-fuerzas-1536x864.jpg 1536w, https:\/\/criticanoespecializada.com.ar\/wp-content\/uploads\/2021\/08\/Las-fuerzas-18x10.jpg 18w, https:\/\/criticanoespecializada.com.ar\/wp-content\/uploads\/2021\/08\/Las-fuerzas.jpg 2048w\" sizes=\"auto, (max-width: 1024px) 100vw, 1024px\" \/><figcaption>Las fuerzas &#8211; <strong>SEMANA DEL CINE DOCUMENTAL ARGENTINO<\/strong><\/figcaption><\/figure>\n\n\n<p style=\"text-align: justify;\">Argentina, 2018, 17\u00b430\u00b4\u00b4<br \/>Direcci\u00f3n: Paola Buontempo. \u00a0 \u00a0 \u00a0<br \/>Producci\u00f3n: Paola Buontempo.\u00a0<br \/><br \/><strong>Sinopsis:<\/strong><br \/><strong>\u00a0 \u00a0<\/strong>Las fuerzas registra el aprendizaje de un grupo de jockeys. Bajo una l\u00f3gica escolar, con m\u00e9todos y evaluaciones, la materia a modelar es el cuerpo. Un cuerpo que se complementa con otro, un cuerpo peque\u00f1o que no debe crecer, de una fragilidad latente, siempre a punto de quebrarse.<\/p>\n\n\n<h2 class=\"wp-block-heading\"><strong>SIN DIFERENCIAS<\/strong><\/h2>\n\n\n\n<figure class=\"wp-block-image size-large\"><img loading=\"lazy\" decoding=\"async\" width=\"1024\" height=\"576\" src=\"https:\/\/criticanoespecializada.com.ar\/wp-content\/uploads\/2021\/08\/Sin-diferencias-1024x576.jpg\" alt=\"\" class=\"wp-image-1966\" title=\"\" srcset=\"https:\/\/criticanoespecializada.com.ar\/wp-content\/uploads\/2021\/08\/Sin-diferencias-1024x576.jpg 1024w, https:\/\/criticanoespecializada.com.ar\/wp-content\/uploads\/2021\/08\/Sin-diferencias-300x169.jpg 300w, https:\/\/criticanoespecializada.com.ar\/wp-content\/uploads\/2021\/08\/Sin-diferencias-768x432.jpg 768w, https:\/\/criticanoespecializada.com.ar\/wp-content\/uploads\/2021\/08\/Sin-diferencias-1536x864.jpg 1536w, https:\/\/criticanoespecializada.com.ar\/wp-content\/uploads\/2021\/08\/Sin-diferencias-18x10.jpg 18w, https:\/\/criticanoespecializada.com.ar\/wp-content\/uploads\/2021\/08\/Sin-diferencias.jpg 2048w\" sizes=\"auto, (max-width: 1024px) 100vw, 1024px\" \/><figcaption>Sin diferencias &#8211; <strong>SEMANA DEL CINE DOCUMENTAL ARGENTINO<\/strong><\/figcaption><\/figure>\n\n\n<p style=\"text-align: justify;\">Argentina, 2021, 6\u00b4<br \/>Direcci\u00f3n: Gerardo Panero. \u00a0<br \/>Producci\u00f3n: Franco Carbone.\u00a0<br \/><br \/><strong>Sinopsis:<\/strong><br \/>En 2019 el tenista adaptado profesional Gustavo Fern\u00e1ndez, siendo n\u00famero uno del ranking mundial, renunci\u00f3 a su nominaci\u00f3n a los premios Olimpia. Su compromiso nos lleva a reflexionar sobre las diferencias con las cuales se mide el deporte realizado por personas con discapacidad.\u00a0<\/p>\n\n\n<h2 class=\"wp-block-heading\"><strong>YO SOY MORENA<\/strong><\/h2>\n\n\n\n<figure class=\"wp-block-image size-large\"><img loading=\"lazy\" decoding=\"async\" width=\"1024\" height=\"576\" src=\"https:\/\/criticanoespecializada.com.ar\/wp-content\/uploads\/2021\/08\/Yo-soy-Morena-1024x576.png\" alt=\"\" class=\"wp-image-1967\" title=\"\" srcset=\"https:\/\/criticanoespecializada.com.ar\/wp-content\/uploads\/2021\/08\/Yo-soy-Morena-1024x576.png 1024w, https:\/\/criticanoespecializada.com.ar\/wp-content\/uploads\/2021\/08\/Yo-soy-Morena-300x169.png 300w, https:\/\/criticanoespecializada.com.ar\/wp-content\/uploads\/2021\/08\/Yo-soy-Morena-768x432.png 768w, https:\/\/criticanoespecializada.com.ar\/wp-content\/uploads\/2021\/08\/Yo-soy-Morena-1536x864.png 1536w, https:\/\/criticanoespecializada.com.ar\/wp-content\/uploads\/2021\/08\/Yo-soy-Morena-18x10.png 18w, https:\/\/criticanoespecializada.com.ar\/wp-content\/uploads\/2021\/08\/Yo-soy-Morena.png 1920w\" sizes=\"auto, (max-width: 1024px) 100vw, 1024px\" \/><figcaption>Yo soy Morena &#8211; <strong>SEMANA DEL CINE DOCUMENTAL ARGENTINO<\/strong><\/figcaption><\/figure>\n\n\n<p style=\"text-align: justify;\">Argentina, 2017, 9\u00b4<br \/>Direcci\u00f3n: Paula Gim\u00e9nez Zapiola. \u00a0 \u00a0<br \/>Producci\u00f3n: Gabriel E. Mora. \u00a0<br \/><br \/><strong>Sinopsis:<\/strong><br \/>Morena ambiciona destacarse como cantante de hip hop y se esfuerza por ser buena madre, estudiar, ayudar a que chicos y chicas a que se expresen, trabajar y sostener a su familia, mientras se mueve en el mundo como una tigresa que anhela ser liberada.<\/p>\n\n<p><strong><u>Redes Sociales<\/u>:<\/strong><br \/><br \/><strong>Facebook:\u00a0<\/strong><br \/><span style=\"color: #000000;\">\u00a0<\/span>https:\/\/www.facebook.com\/ADNdoc<br \/><br \/><strong>Instagram:<\/strong><br \/><span style=\"color: #000000;\">\u00a0<\/span>https:\/\/www.instagram.com\/adndoc\/<\/p>\n\n\n<h2 class=\"has-text-align-right wp-block-heading\">Por<a href=\"https:\/\/criticanoespecializada.com.ar\/en\/gianni-snow\/\" data-type=\"page\" data-id=\"81\"> Gianni<\/a><\/h2>\n\n\n\n<h4 class=\"has-text-align-right wp-block-heading\"><a href=\"http:\/\/www.instagram.com\/gianni.arce\" target=\"_blank\" rel=\"noreferrer noopener\">@Gianni<\/a><\/h4>","protected":false},"excerpt":{"rendered":"<p>8va. SEMANA DEL CINE DOCUMENTAL ARGENTINO 8va. SEMANA DEL CINEDOCUMENTAL ARGENTINO Se viene la 8va. SEMANA DEL CINE DOCUMENTAL ARGENTINO Del 24 al 31 de Agosto 2021 por la plataforma\u00a0Vivamos&hellip; <\/p>","protected":false},"author":1,"featured_media":1948,"comment_status":"open","ping_status":"open","sticky":false,"template":"","format":"standard","meta":{"googlesitekit_rrm_CAownYrbCw:productID":"","footnotes":""},"categories":[2,57],"tags":[5,156,307,308,9],"class_list":["post-1944","post","type-post","status-publish","format-standard","has-post-thumbnail","hentry","category-cine-y-series","category-eventos","tag-cine","tag-cine-argentino","tag-cine-documental","tag-cortometrajes","tag-streaming"],"aioseo_notices":[],"_links":{"self":[{"href":"https:\/\/criticanoespecializada.com.ar\/en\/wp-json\/wp\/v2\/posts\/1944","targetHints":{"allow":["GET"]}}],"collection":[{"href":"https:\/\/criticanoespecializada.com.ar\/en\/wp-json\/wp\/v2\/posts"}],"about":[{"href":"https:\/\/criticanoespecializada.com.ar\/en\/wp-json\/wp\/v2\/types\/post"}],"author":[{"embeddable":true,"href":"https:\/\/criticanoespecializada.com.ar\/en\/wp-json\/wp\/v2\/users\/1"}],"replies":[{"embeddable":true,"href":"https:\/\/criticanoespecializada.com.ar\/en\/wp-json\/wp\/v2\/comments?post=1944"}],"version-history":[{"count":3,"href":"https:\/\/criticanoespecializada.com.ar\/en\/wp-json\/wp\/v2\/posts\/1944\/revisions"}],"predecessor-version":[{"id":1968,"href":"https:\/\/criticanoespecializada.com.ar\/en\/wp-json\/wp\/v2\/posts\/1944\/revisions\/1968"}],"wp:featuredmedia":[{"embeddable":true,"href":"https:\/\/criticanoespecializada.com.ar\/en\/wp-json\/wp\/v2\/media\/1948"}],"wp:attachment":[{"href":"https:\/\/criticanoespecializada.com.ar\/en\/wp-json\/wp\/v2\/media?parent=1944"}],"wp:term":[{"taxonomy":"category","embeddable":true,"href":"https:\/\/criticanoespecializada.com.ar\/en\/wp-json\/wp\/v2\/categories?post=1944"},{"taxonomy":"post_tag","embeddable":true,"href":"https:\/\/criticanoespecializada.com.ar\/en\/wp-json\/wp\/v2\/tags?post=1944"}],"curies":[{"name":"wp","href":"https:\/\/api.w.org\/{rel}","templated":true}]}}