{"id":2866,"date":"2022-02-04T00:49:06","date_gmt":"2022-02-04T03:49:06","guid":{"rendered":"https:\/\/criticanoespecializada.com.ar\/?p=2866"},"modified":"2022-02-05T10:02:28","modified_gmt":"2022-02-05T13:02:28","slug":"concurso-literario","status":"publish","type":"post","link":"https:\/\/criticanoespecializada.com.ar\/en\/concurso-literario\/","title":{"rendered":"Concurso literario juvenil de &#8220;Cr\u00edtica no especializada&#8221;"},"content":{"rendered":"<p>Primer concurso juvenil de literatura CNE.<\/p>\n\n\n\n<h4 class=\"has-medium-font-size wp-block-heading\" id=\"en-la-revista-critica-no-especializada-somos-apasionados-del-arte-en-todas-sus-formas-sabemos-que-en-todo-el-pais-hay-mucho-talento-esperando-a-ser-descubierto-y-queremos-no-solo-conocerlos-sino-tambien-darles-ese-empujoncito-para-que-sigan-sus-suenos-a-veces-necesitamos-saber-que-eso-que-nos-apasiona-tiene-potencial-es-por-esto-que-desde-la-revista-digital-critica-no-especializada-organizamos-el-primer-concurso-juvenil-de-literatura-este-concurso-contara-con-las-categorias-cuento-y-poesia-y-esta-dirigido-a-todos-los-chicos-y-chicas-de-entre-12-y-18-anos-que-residan-en-la-republica-argentina-si-te-interesa-participar-aqui-podes-ver-las-bases-y-condiciones-para-que-nos-mandes-tus-trabajos\">En la revista &#8220;Cr\u00edtica no especializada&#8221; somos apasionados del arte en todas sus formas. Sabemos que en todo el pa\u00eds hay mucho talento esperando a ser descubierto y queremos, no solo conocerlos, sino tambi\u00e9n darles ese empujoncito para que sigan sus sue\u00f1os. A veces, necesitamos saber que eso que nos apasiona tiene potencial. Es por esto que, desde la revista digital &#8220;Cr\u00edtica no especializada&#8221;, organizamos el Primer concurso juvenil de literatura. Este concurso contar\u00e1 con las categor\u00edas cuento y poes\u00eda, y esta dirigido a todos los chicos y chicas de entre 12 y 18 a\u00f1os que residan en la Rep\u00fablica Argentina. Si te interesa participar, aqu\u00ed pod\u00e9s ver las bases y condiciones para que nos mandes tus trabajos.<\/h4>\n\n\n\n<div class=\"wp-block-image\"><figure class=\"aligncenter size-large is-resized\"><img loading=\"lazy\" decoding=\"async\" src=\"https:\/\/criticanoespecializada.com.ar\/wp-content\/uploads\/2022\/02\/concurso-literario-2-1024x1024.png\" alt=\"Concurso literario\" class=\"wp-image-2871\" width=\"605\" height=\"605\" title=\"\" srcset=\"https:\/\/criticanoespecializada.com.ar\/wp-content\/uploads\/2022\/02\/concurso-literario-2-1024x1024.png 1024w, https:\/\/criticanoespecializada.com.ar\/wp-content\/uploads\/2022\/02\/concurso-literario-2-300x300.png 300w, https:\/\/criticanoespecializada.com.ar\/wp-content\/uploads\/2022\/02\/concurso-literario-2-150x150.png 150w, https:\/\/criticanoespecializada.com.ar\/wp-content\/uploads\/2022\/02\/concurso-literario-2-768x768.png 768w, https:\/\/criticanoespecializada.com.ar\/wp-content\/uploads\/2022\/02\/concurso-literario-2-12x12.png 12w, https:\/\/criticanoespecializada.com.ar\/wp-content\/uploads\/2022\/02\/concurso-literario-2.png 1080w\" sizes=\"auto, (max-width: 605px) 100vw, 605px\" \/><figcaption><strong>Primer Concurso literario organizado por la revista.<\/strong><\/figcaption><\/figure><\/div>\n\n\n\n<h2 class=\"has-vivid-red-color has-text-color wp-block-heading\" id=\"bases-y-condiciones\">Bases y condiciones:<\/h2>\n\n\n\n<ol class=\"has-medium-font-size wp-block-list\"><li>Podr\u00e1n participar de este concurso todos los chicos y chicas de&nbsp;entre&nbsp;12&nbsp;y&nbsp;18 a\u00f1os&nbsp;residentes&nbsp;en cualquier provincia de&nbsp;la rep\u00fablica&nbsp;Argentina.&nbsp;&nbsp;<\/li><\/ol>\n\n\n\n<ol start=\"2\" class=\"has-medium-font-size wp-block-list\"><li>El concurso&nbsp;se divide en dos categor\u00edas: cuento y poes\u00eda.&nbsp;La tem\u00e1tica para ambos casos es libre&nbsp;y solo se permite un escrito por categor\u00eda.&nbsp;&nbsp;<\/li><\/ol>\n\n\n\n<ol start=\"3\" class=\"has-medium-font-size wp-block-list\"><li>Los textos que se presenten deber\u00e1n&nbsp;estar escritos en espa\u00f1ol,&nbsp;ser originales (de su creaci\u00f3n personal) e in\u00e9ditos (no haber sido publicados en ning\u00fan formato&nbsp;ni&nbsp;f\u00edsico&nbsp;ni&nbsp;digital).&nbsp;<\/li><\/ol>\n\n\n\n<ol start=\"4\" class=\"has-medium-font-size wp-block-list\"><li>El plazo de&nbsp;recepci\u00f3n de obras comienza el s\u00e1bado&nbsp;5&nbsp;de&nbsp;febrero&nbsp;y finaliza&nbsp;a las 23:59 horas del d\u00eda 20 mi\u00e9rcoles de abril.&nbsp;<\/li><\/ol>\n\n\n\n<ol start=\"5\" class=\"has-medium-font-size wp-block-list\"><li>En la categor\u00eda cuento, los textos deber\u00e1n&nbsp;presentarse&nbsp;en hoja tama\u00f1o A4,&nbsp;con letra&nbsp;<em>Times&nbsp;New&nbsp;Roman<\/em>&nbsp;tama\u00f1o 12&nbsp;e interlineado de&nbsp;1.5. La extensi\u00f3n m\u00ednima es de una carilla y la m\u00e1xima es de siete carillas.&nbsp;&nbsp;<\/li><\/ol>\n\n\n\n<ol start=\"6\" class=\"has-medium-font-size wp-block-list\"><li>En la categor\u00eda poemas, los textos deber\u00e1n presentarse en hoja tama\u00f1o A4, con letra&nbsp;<em>Times&nbsp;New&nbsp;Roman<\/em>&nbsp;tama\u00f1o 12 e interlineado de&nbsp;1.5. La&nbsp;extensi\u00f3n&nbsp;m\u00ednima ser\u00e1 de 3 versos y la extensi\u00f3n m\u00e1xima permitida&nbsp;ser\u00e1 de&nbsp;50 versos.&nbsp;<\/li><\/ol>\n\n\n\n<ol start=\"7\" class=\"has-medium-font-size wp-block-list\"><li>Los trabajos, en cualquiera de las dos&nbsp;categor\u00edas,&nbsp;deber\u00e1n&nbsp;firmarse con&nbsp;seud\u00f3nimo&nbsp;al final del escrito.&nbsp;&nbsp;<\/li><\/ol>\n\n\n\n<ol start=\"8\" class=\"has-medium-font-size wp-block-list\"><li>Se puede&nbsp;participar&nbsp;de&nbsp;ambas categor\u00edas&nbsp;con una obra para cada una respectivamente.&nbsp;&nbsp;<\/li><\/ol>\n\n\n\n<h2 class=\"has-vivid-red-color has-text-color wp-block-heading\" id=\"recepcion-de-las-obras\">Recepci\u00f3n de las obras:<\/h2>\n\n\n\n<ol start=\"9\" class=\"has-medium-font-size wp-block-list\"><li><strong>Env\u00edo de las obras:&nbsp;<\/strong>&nbsp;<\/li><\/ol>\n\n\n\n<p class=\"has-medium-font-size\">Los trabajos se enviar\u00e1n&nbsp;por correo electr\u00f3nico al mail&nbsp;<a href=\"mailto:concurso.revistacne@gmail.com\" target=\"_blank\" rel=\"noreferrer noopener\">concurso.revistacne@gmail.com<\/a>&nbsp;con el asunto <strong>\u201cConcurso literario&nbsp;juvenil&nbsp;cr\u00edtica no especializada\u201d<\/strong>.&nbsp;En este correo electr\u00f3nico&nbsp;se&nbsp;enviar\u00e1n&nbsp;tres archivos&nbsp;adjuntos.&nbsp;El&nbsp;primero&nbsp;ser\u00e1 el cuento o poema&nbsp;a concursar&nbsp;que&nbsp;deber\u00e1&nbsp;llevar por&nbsp;nombre&nbsp;el t\u00edtulo de la&nbsp;obra m\u00e1s el&nbsp;seud\u00f3nimo&nbsp;(ejemplo: \u201cLa enorme tempestad&nbsp;&#8211;&nbsp;Dante&nbsp;Campo\u201d).<\/p>\n\n\n\n<p class=\"has-medium-font-size\">El otro archivo adjunto&nbsp;deber\u00e1&nbsp;llamarse&nbsp;<strong>\u201cDatos&nbsp;m\u00e1s&nbsp;seud\u00f3nimo\u201d<\/strong>&nbsp;(ejemplo, \u201cDatos&nbsp;&#8211; Dante Campos\u201d)&nbsp;y en este deber\u00e1n incluir&nbsp;sus datos personales&nbsp;(Nombre completo,&nbsp;DNI,&nbsp;edad, direcci\u00f3n,&nbsp;c\u00f3digo postal,&nbsp;tel\u00e9fono&nbsp;de contacto&nbsp;y&nbsp;mail de contacto). <\/p>\n\n\n\n<p class=\"has-medium-font-size\">El tercer archivo adjunto deber\u00e1 llamarse <strong>\u201cPermiso firmado&nbsp;m\u00e1s&nbsp;seud\u00f3nimo\u201d<\/strong>&nbsp;(ejemplo, \u201cPermiso firmado&nbsp;-Dante Campos)&nbsp;y&nbsp;en&nbsp;el habr\u00e1 una foto de un permiso para participar&nbsp;del certamen con firma&nbsp;(de pu\u00f1o y letra),&nbsp;aclaraci\u00f3n&nbsp;y&nbsp;n\u00famero&nbsp;de&nbsp;documento&nbsp;de su madre, padre o tutor.&nbsp;<\/p>\n\n\n\n<ol start=\"10\" class=\"has-medium-font-size wp-block-list\"><li>Si desea participar de las dos&nbsp;categor\u00edas&nbsp;deber\u00e1 mandar&nbsp;dos mails, uno para cada categor\u00eda y con la obra correspondiente en \u00e9l.&nbsp;<\/li><\/ol>\n\n\n\n<h2 class=\"has-vivid-red-color has-text-color wp-block-heading\" id=\"premios\">Premios:<\/h2>\n\n\n\n<div class=\"wp-block-image is-style-rounded\"><figure class=\"aligncenter size-full\"><img loading=\"lazy\" decoding=\"async\" width=\"612\" height=\"306\" src=\"https:\/\/criticanoespecializada.com.ar\/wp-content\/uploads\/2022\/02\/trofeos.jpg\" alt=\"\" class=\"wp-image-2872\" title=\"\" srcset=\"https:\/\/criticanoespecializada.com.ar\/wp-content\/uploads\/2022\/02\/trofeos.jpg 612w, https:\/\/criticanoespecializada.com.ar\/wp-content\/uploads\/2022\/02\/trofeos-300x150.jpg 300w, https:\/\/criticanoespecializada.com.ar\/wp-content\/uploads\/2022\/02\/trofeos-18x9.jpg 18w\" sizes=\"auto, (max-width: 612px) 100vw, 612px\" \/><figcaption>Concurso literario<\/figcaption><\/figure><\/div>\n\n\n\n<ol start=\"11\" class=\"has-medium-font-size wp-block-list\"><li>Premios&nbsp;para ambas&nbsp;categor\u00edas:&nbsp;<\/li><\/ol>\n\n\n\n<p class=\"has-medium-font-size\"><strong>Primer premio<\/strong>:&nbsp;Entregaremos un premio monetario de&nbsp;dos mil pesos ($2000) a modo de estimulo para el artista. adem\u00e1s de una&nbsp;medalla,&nbsp;un diploma, dos meses de taller literario gratuito, la publicaci\u00f3n de la obra en la revista &#8220;Cr\u00edtica no especializada&#8221;&nbsp;y&nbsp;una entrevista radial.&nbsp;<\/p>\n\n\n\n<p class=\"has-medium-font-size\"><strong>Segundo premio:<\/strong>&nbsp;Medalla,&nbsp;diploma y libro de&nbsp;regalo.&nbsp;<\/p>\n\n\n\n<p class=\"has-medium-font-size\"><strong>Tercer premio:<\/strong>&nbsp;Medalla y diploma.&nbsp;&nbsp;<\/p>\n\n\n\n<p class=\"has-medium-font-size\"><strong>Menciones:<\/strong>&nbsp;Se seleccionar\u00e1n tres menciones especiales en cada categor\u00eda.&nbsp;&nbsp;<\/p>\n\n\n\n<ol start=\"12\" class=\"has-medium-font-size wp-block-list\"><li>El jurado estar\u00e1 compuesto por: <a href=\"https:\/\/www.instagram.com\/pabluks\/\" target=\"_blank\" rel=\"noreferrer noopener\">Pablo&nbsp;Bauchiero&nbsp;Chavez&nbsp;<\/a>(escritor), <a href=\"https:\/\/www.instagram.com\/_ericavera_\/\" target=\"_blank\" rel=\"noreferrer noopener\">\u00c9rica Vera<\/a> (escritora y docente), <a href=\"https:\/\/www.instagram.com\/capapeles\/\" target=\"_blank\" rel=\"noreferrer noopener\">Camila&nbsp;Caligiuri<\/a>&nbsp;(escritora), <a href=\"https:\/\/www.youtube.com\/channel\/UCijLMH2qPGT1Qxr6G6nhOlQ\/videos\" target=\"_blank\" rel=\"noreferrer noopener\">Mart\u00edn&nbsp;Calomino<\/a>&nbsp;(booktuber),&nbsp;<a href=\"https:\/\/www.instagram.com\/ezequiel_olasagasti\/\" target=\"_blank\" rel=\"noreferrer noopener\">Ezequiel&nbsp;Olasagasti<\/a> (escritor y periodista).&nbsp;<\/li><\/ol>\n\n\n\n<figure class=\"wp-block-gallery has-nested-images columns-default is-cropped wp-block-gallery-1 is-layout-flex wp-block-gallery-is-layout-flex\">\n<figure class=\"wp-block-image size-large\"><img loading=\"lazy\" decoding=\"async\" width=\"683\" height=\"1024\" data-id=\"2896\" src=\"https:\/\/criticanoespecializada.com.ar\/wp-content\/uploads\/2022\/02\/foto-eri-4-683x1024.jpg\" alt=\"\" class=\"wp-image-2896\" title=\"\" srcset=\"https:\/\/criticanoespecializada.com.ar\/wp-content\/uploads\/2022\/02\/foto-eri-4-683x1024.jpg 683w, https:\/\/criticanoespecializada.com.ar\/wp-content\/uploads\/2022\/02\/foto-eri-4-200x300.jpg 200w, https:\/\/criticanoespecializada.com.ar\/wp-content\/uploads\/2022\/02\/foto-eri-4-768x1152.jpg 768w, https:\/\/criticanoespecializada.com.ar\/wp-content\/uploads\/2022\/02\/foto-eri-4-1024x1536.jpg 1024w, https:\/\/criticanoespecializada.com.ar\/wp-content\/uploads\/2022\/02\/foto-eri-4-8x12.jpg 8w, https:\/\/criticanoespecializada.com.ar\/wp-content\/uploads\/2022\/02\/foto-eri-4.jpg 1365w\" sizes=\"auto, (max-width: 683px) 100vw, 683px\" \/><figcaption>\u00c9rica Vera \u2014 Escritora y docente<\/figcaption><\/figure>\n\n\n\n<figure class=\"wp-block-image size-large\"><img loading=\"lazy\" decoding=\"async\" width=\"718\" height=\"712\" data-id=\"2900\" src=\"https:\/\/criticanoespecializada.com.ar\/wp-content\/uploads\/2022\/02\/Screenshot_20220204-000352_Dropbox.jpg\" alt=\"\" class=\"wp-image-2900\" title=\"\" srcset=\"https:\/\/criticanoespecializada.com.ar\/wp-content\/uploads\/2022\/02\/Screenshot_20220204-000352_Dropbox.jpg 718w, https:\/\/criticanoespecializada.com.ar\/wp-content\/uploads\/2022\/02\/Screenshot_20220204-000352_Dropbox-300x297.jpg 300w, https:\/\/criticanoespecializada.com.ar\/wp-content\/uploads\/2022\/02\/Screenshot_20220204-000352_Dropbox-150x150.jpg 150w, https:\/\/criticanoespecializada.com.ar\/wp-content\/uploads\/2022\/02\/Screenshot_20220204-000352_Dropbox-12x12.jpg 12w\" sizes=\"auto, (max-width: 718px) 100vw, 718px\" \/><figcaption>Ezequiel Olasagasti \u2014 Escritor y periodista<\/figcaption><\/figure>\n\n\n\n<figure class=\"wp-block-image size-large\"><img loading=\"lazy\" decoding=\"async\" width=\"720\" height=\"888\" data-id=\"2897\" src=\"https:\/\/criticanoespecializada.com.ar\/wp-content\/uploads\/2022\/02\/foto-pablo-4.jpg\" alt=\"\" class=\"wp-image-2897\" title=\"\" srcset=\"https:\/\/criticanoespecializada.com.ar\/wp-content\/uploads\/2022\/02\/foto-pablo-4.jpg 720w, https:\/\/criticanoespecializada.com.ar\/wp-content\/uploads\/2022\/02\/foto-pablo-4-243x300.jpg 243w, https:\/\/criticanoespecializada.com.ar\/wp-content\/uploads\/2022\/02\/foto-pablo-4-10x12.jpg 10w\" sizes=\"auto, (max-width: 720px) 100vw, 720px\" \/><figcaption>Pablo Bauchiero Ch\u00e1vez \u2014 Escritor <\/figcaption><\/figure>\n\n\n\n<figure class=\"wp-block-image size-large\"><img loading=\"lazy\" decoding=\"async\" width=\"768\" height=\"1024\" data-id=\"2899\" src=\"https:\/\/criticanoespecializada.com.ar\/wp-content\/uploads\/2022\/02\/foto-martin-4-768x1024.jpg\" alt=\"\" class=\"wp-image-2899\" title=\"\" srcset=\"https:\/\/criticanoespecializada.com.ar\/wp-content\/uploads\/2022\/02\/foto-martin-4-768x1024.jpg 768w, https:\/\/criticanoespecializada.com.ar\/wp-content\/uploads\/2022\/02\/foto-martin-4-225x300.jpg 225w, https:\/\/criticanoespecializada.com.ar\/wp-content\/uploads\/2022\/02\/foto-martin-4-1152x1536.jpg 1152w, https:\/\/criticanoespecializada.com.ar\/wp-content\/uploads\/2022\/02\/foto-martin-4-9x12.jpg 9w, https:\/\/criticanoespecializada.com.ar\/wp-content\/uploads\/2022\/02\/foto-martin-4.jpg 1200w\" sizes=\"auto, (max-width: 768px) 100vw, 768px\" \/><figcaption>Mart\u00edn Calomino \u2014 Booktuber y rese\u00f1ador<\/figcaption><\/figure>\n\n\n\n<figure class=\"wp-block-image size-large\"><img loading=\"lazy\" decoding=\"async\" width=\"768\" height=\"1024\" data-id=\"2898\" src=\"https:\/\/criticanoespecializada.com.ar\/wp-content\/uploads\/2022\/02\/foto-cami-4-768x1024.jpg\" alt=\"\" class=\"wp-image-2898\" title=\"\" srcset=\"https:\/\/criticanoespecializada.com.ar\/wp-content\/uploads\/2022\/02\/foto-cami-4-768x1024.jpg 768w, https:\/\/criticanoespecializada.com.ar\/wp-content\/uploads\/2022\/02\/foto-cami-4-225x300.jpg 225w, https:\/\/criticanoespecializada.com.ar\/wp-content\/uploads\/2022\/02\/foto-cami-4-1152x1536.jpg 1152w, https:\/\/criticanoespecializada.com.ar\/wp-content\/uploads\/2022\/02\/foto-cami-4-9x12.jpg 9w, https:\/\/criticanoespecializada.com.ar\/wp-content\/uploads\/2022\/02\/foto-cami-4.jpg 1200w\" sizes=\"auto, (max-width: 768px) 100vw, 768px\" \/><figcaption>Camila Caligiuri \u2014 Escritora<\/figcaption><\/figure>\n<\/figure>\n\n\n\n<ol start=\"13\" class=\"has-medium-font-size wp-block-list\"><li>El concurso no podr\u00e1 ser considerado desierto&nbsp;y la decisi\u00f3n del jurado ser\u00e1 inapelable.&nbsp;Los trabajos que no cumplan con las presentes bases o incurran&nbsp;en plagio ser\u00e1n descalificados.&nbsp;Del mismo modo,&nbsp;los trabajos que no resulten seleccionados&nbsp;ser\u00e1n eliminados de las bases de datos del concurso.&nbsp;<\/li><\/ol>\n\n\n\n<ol start=\"14\" class=\"has-medium-font-size wp-block-list\"><li>Se har\u00e1 una entrega de premios&nbsp;presencial&nbsp;cuya fecha y lugar se&nbsp;revelar\u00e1&nbsp;luego de anunciar a los pre seccionados.&nbsp;&nbsp;<\/li><\/ol>\n\n\n\n<p class=\"has-medium-font-size\">Esperamos sus textos con ansiedad y mucha expectativa. Para cualquier duda que tengan sobre el concurso y que (Tal vez) no se aclar\u00f3 correctamente en este articulo, pueden mandar un mail a concurso.revistacne@gmail.com <\/p>\n\n\n\n<p class=\"has-medium-font-size\">All\u00ed contestaremos todas sus inquietudes y, adem\u00e1s, notificaremos que los trabajos fueron recibidos por el equipo organizador.<\/p>","protected":false},"excerpt":{"rendered":"<p>Este a\u00f1o organizamos el primer concurso literario juvenil de la revista &#8220;cr\u00edtica no especializada&#8221;. si ten\u00e9s entre 12 y 18 a\u00f1os pod\u00e9s participar por grandes premios.<\/p>","protected":false},"author":14,"featured_media":2901,"comment_status":"open","ping_status":"open","sticky":false,"template":"","format":"standard","meta":{"googlesitekit_rrm_CAownYrbCw:productID":"","footnotes":""},"categories":[63,53,57,52,8],"tags":[380,275,270],"class_list":["post-2866","post","type-post","status-publish","format-standard","has-post-thumbnail","hentry","category-desarrollo-y-fomento","category-detras-de-las-letras","category-eventos","category-literatura","category-noticias","tag-concurso","tag-detras-de-las-letras","tag-literatura"],"aioseo_notices":[],"_links":{"self":[{"href":"https:\/\/criticanoespecializada.com.ar\/en\/wp-json\/wp\/v2\/posts\/2866","targetHints":{"allow":["GET"]}}],"collection":[{"href":"https:\/\/criticanoespecializada.com.ar\/en\/wp-json\/wp\/v2\/posts"}],"about":[{"href":"https:\/\/criticanoespecializada.com.ar\/en\/wp-json\/wp\/v2\/types\/post"}],"author":[{"embeddable":true,"href":"https:\/\/criticanoespecializada.com.ar\/en\/wp-json\/wp\/v2\/users\/14"}],"replies":[{"embeddable":true,"href":"https:\/\/criticanoespecializada.com.ar\/en\/wp-json\/wp\/v2\/comments?post=2866"}],"version-history":[{"count":4,"href":"https:\/\/criticanoespecializada.com.ar\/en\/wp-json\/wp\/v2\/posts\/2866\/revisions"}],"predecessor-version":[{"id":2915,"href":"https:\/\/criticanoespecializada.com.ar\/en\/wp-json\/wp\/v2\/posts\/2866\/revisions\/2915"}],"wp:featuredmedia":[{"embeddable":true,"href":"https:\/\/criticanoespecializada.com.ar\/en\/wp-json\/wp\/v2\/media\/2901"}],"wp:attachment":[{"href":"https:\/\/criticanoespecializada.com.ar\/en\/wp-json\/wp\/v2\/media?parent=2866"}],"wp:term":[{"taxonomy":"category","embeddable":true,"href":"https:\/\/criticanoespecializada.com.ar\/en\/wp-json\/wp\/v2\/categories?post=2866"},{"taxonomy":"post_tag","embeddable":true,"href":"https:\/\/criticanoespecializada.com.ar\/en\/wp-json\/wp\/v2\/tags?post=2866"}],"curies":[{"name":"wp","href":"https:\/\/api.w.org\/{rel}","templated":true}]}}