{"id":3988,"date":"2022-10-02T21:35:11","date_gmt":"2022-10-03T00:35:11","guid":{"rendered":"https:\/\/criticanoespecializada.com.ar\/?p=3988"},"modified":"2023-11-06T21:11:51","modified_gmt":"2023-11-07T00:11:51","slug":"resident-evil","status":"publish","type":"post","link":"https:\/\/criticanoespecializada.com.ar\/en\/resident-evil\/","title":{"rendered":"Get the Power! &#8211; El d\u00eda de Resident Evil"},"content":{"rendered":"<h2 class=\"wp-block-heading\"><a href=\"https:\/\/es.wikipedia.org\/wiki\/Resident_Evil\" target=\"_blank\" rel=\"noreferrer noopener\">Resident Evil<\/a>, la ic\u00f3nica franquicia de <a href=\"https:\/\/es.wikipedia.org\/wiki\/Capcom\" target=\"_blank\" rel=\"noreferrer noopener\">CAPCOM<\/a>, ha tomado al d\u00eda 28 de septiembre como d\u00eda conmemorativo. Esta fecha, en la historia del juego, marca el principio del fin de la ciudad de Raccoon City. En todo el mundo se considera el 28 de septiembre como el &#8220;D\u00eda de Resident Evil&#8221;.<\/h2>\n\n\n<div class=\"wp-block-image\">\n<figure class=\"aligncenter size-full\"><img loading=\"lazy\" decoding=\"async\" width=\"1024\" height=\"602\" src=\"https:\/\/criticanoespecializada.com.ar\/wp-content\/uploads\/2023\/11\/resident-evil-portada-1024x602-1.jpg\" alt=\"\" class=\"wp-image-5393\" title=\"\" srcset=\"https:\/\/criticanoespecializada.com.ar\/wp-content\/uploads\/2023\/11\/resident-evil-portada-1024x602-1.jpg 1024w, https:\/\/criticanoespecializada.com.ar\/wp-content\/uploads\/2023\/11\/resident-evil-portada-1024x602-1-300x176.jpg 300w, https:\/\/criticanoespecializada.com.ar\/wp-content\/uploads\/2023\/11\/resident-evil-portada-1024x602-1-768x452.jpg 768w, https:\/\/criticanoespecializada.com.ar\/wp-content\/uploads\/2023\/11\/resident-evil-portada-1024x602-1-18x12.jpg 18w\" sizes=\"auto, (max-width: 1024px) 100vw, 1024px\" \/><\/figure>\n<\/div>\n\n\n<blockquote>\n<p class=\"has-medium-font-size\" style=\"text-align: justify\"><strong><em>\u201c28 de septiembre, de d\u00eda. Los monstruos han tomado la ciudad. <\/em><\/strong><\/p>\n<p class=\"has-medium-font-size\" style=\"text-align: justify\"><strong><em>De alguna manera&#8230; Sigo viva\u201d<\/em><\/strong><\/p>\n<\/blockquote>\n\n\n\n<p class=\"has-medium-font-size\">Con esta cita, dicha por el personaje de <a href=\"https:\/\/residentevil.fandom.com\/es\/wiki\/Jill_Valentine\" target=\"_blank\" rel=\"noopener\"><strong><em>Jill Valentine<\/em><\/strong><\/a>, <strong><em>CAPCOM<\/em><\/strong> le rinde homenaje a su gran saga de videojuegos llamada <strong>RESIDENT EVIL<\/strong>. Como cada 28 de septiembre, la compa\u00f1\u00eda celebra su saga enfoc\u00e1ndose en el tercer juego, <strong><em>\u201cRESIDENT EVIL 3 NEMESIS\u201d<\/em><\/strong>, estrenado en 1999 y con una remake en 2020. La celebraci\u00f3n viene a cuenta de que es en esta entrega\u00a0 donde comienza el principio del fin de la ic\u00f3nica ciudad de <a href=\"https:\/\/residentevil.fandom.com\/es\/wiki\/Raccoon_City?so=search\" target=\"_blank\" rel=\"noopener\"><strong><em>Raccoon City<\/em><\/strong><\/a>. Aunque no es la primera entrega cronol\u00f3gica, en <strong><em>Resident Evil 3<\/em><\/strong> es donde se apoya gran parte del <em>lore<\/em> del juego. se\u00a0 estrenado en 1999 y con un Remake estrenado en 2020.\u00a0<\/p>\n\n\n<div class=\"wp-block-image\">\n<figure class=\"aligncenter size-large is-resized\"><img loading=\"lazy\" decoding=\"async\" width=\"760\" height=\"1024\" src=\"https:\/\/criticanoespecializada.com.ar\/wp-content\/uploads\/2022\/10\/resident-evil-promo-760x1024.jpeg\" alt=\"\" class=\"wp-image-3992\" style=\"aspect-ratio:0.7421875;width:638px;height:auto\" title=\"\" srcset=\"https:\/\/criticanoespecializada.com.ar\/wp-content\/uploads\/2022\/10\/resident-evil-promo-760x1024.jpeg 760w, https:\/\/criticanoespecializada.com.ar\/wp-content\/uploads\/2022\/10\/resident-evil-promo-223x300.jpeg 223w, https:\/\/criticanoespecializada.com.ar\/wp-content\/uploads\/2022\/10\/resident-evil-promo-768x1034.jpeg 768w, https:\/\/criticanoespecializada.com.ar\/wp-content\/uploads\/2022\/10\/resident-evil-promo-9x12.jpeg 9w, https:\/\/criticanoespecializada.com.ar\/wp-content\/uploads\/2022\/10\/resident-evil-promo.jpeg 1000w\" sizes=\"auto, (max-width: 760px) 100vw, 760px\" \/><figcaption class=\"wp-element-caption\"><strong><em>Imagen promocional del juego Resident Evil 3: Nemesis.<\/em><\/strong><\/figcaption><\/figure>\n<\/div>\n\n\n<p class=\"has-medium-font-size\" style=\"text-align: justify\">Una saga que ha capturado la atenci\u00f3n de cada jugador, con cada puzzle, con cada ahorro de munici\u00f3n y sin olvidar el factor terror. La primera consola de <strong><em>Sony \u201cPlaystation\u201d<\/em><\/strong> ten\u00eda en su poder a los primeros cuatro juegos de la saga: <strong><em>\u201cResident Evil\u201d<\/em><\/strong>, <strong><em>\u201cResident Evil 2\u201d<\/em><\/strong> (ambos con sus respectivas actualizaciones), <strong><em>\u201cResident Evil 3 Nemesis\u201d<\/em><\/strong> y su primer <em>SpinOff<\/em> llamado <strong><em>\u201cResident Evil Survivor\u201d<\/em><\/strong>. Todos hemos tenido la oportunidad de jugarlos, al igual que en la consola hermana de <em>Sony<\/em>: <strong><em>\u201cPlaystation 2\u201d<\/em><\/strong> junto con la secuela favorita de muchos <strong><em><a href=\"https:\/\/residentevil.fandom.com\/es\/wiki\/Resident_Evil_4\" target=\"_blank\" rel=\"noopener\">\u201cRESIDENT EVIL 4\u201d<\/a>.\u00a0<\/em><\/strong>\u00a0<\/p>\n\n\n\n<figure class=\"wp-block-embed is-type-video is-provider-youtube wp-block-embed-youtube aligncenter wp-embed-aspect-16-9 wp-has-aspect-ratio\"><div class=\"wp-block-embed__wrapper\">\n<iframe loading=\"lazy\" title=\"Resident Evil Village Gold Edition &amp; Resident Evil 4 Remake En Espa\u00f1ol TGS 2022\" width=\"1110\" height=\"624\" src=\"https:\/\/www.youtube.com\/embed\/0rslWyE09UQ?feature=oembed&#038;enablejsapi=1&#038;origin=https:\/\/criticanoespecializada.com.ar\" frameborder=\"0\" allow=\"accelerometer; autoplay; clipboard-write; encrypted-media; gyroscope; picture-in-picture; web-share\" allowfullscreen><\/iframe>\n<\/div><figcaption class=\"wp-element-caption\"><em><b>El remake de Resident Evil 4 sal<\/b><\/em><strong><em>dr\u00e1 en marzo del 2023<\/em><\/strong><\/figcaption><\/figure>\n\n\n\n<p class=\"has-medium-font-size\" style=\"text-align: justify\">La saga se mantiene vigente hasta el d\u00eda de hoy. Desde los excelentes gr\u00e1ficos e historia que puede ofrecer <a href=\"https:\/\/residentevil.fandom.com\/es\/wiki\/Resident_Evil:_Village\" target=\"_blank\" rel=\"noopener\"><em><strong>\u201cRESIDENT EVIL VILLAGE\u201d<\/strong><\/em><\/a>, hasta el pr\u00f3ximo Remake a estrenar de <strong><em>\u201cRESIDENT EVIL 4\u201d<\/em><\/strong> en marzo de 2023. Las pel\u00edculas, tanto animadas como <a href=\"https:\/\/es.wikipedia.org\/wiki\/Pel%C3%ADculas_de_Resident_Evil\" target=\"_blank\" rel=\"noopener\"><em>Live Action<\/em><\/a>, llaman la atenci\u00f3n del p\u00fablico. Lo mismo pasa con sus adaptaciones a libros, sin mencionar los Fan Films y Juegos hechos por fan\u00e1ticos que demuestran el amor que se tiene por este t\u00edtulo esta lejos de desaparecer.\u00a0\u00a0<\/p>\n\n\n<div class=\"wp-block-image\">\n<figure class=\"aligncenter size-full is-resized\"><img loading=\"lazy\" decoding=\"async\" width=\"1024\" height=\"747\" src=\"https:\/\/criticanoespecializada.com.ar\/wp-content\/uploads\/2023\/11\/resident-evil-juegos-1024x747-2.jpg\" alt=\"\" class=\"wp-image-5396\" style=\"aspect-ratio:1.3708165997322623;width:681px;height:auto\" title=\"\" srcset=\"https:\/\/criticanoespecializada.com.ar\/wp-content\/uploads\/2023\/11\/resident-evil-juegos-1024x747-2.jpg 1024w, https:\/\/criticanoespecializada.com.ar\/wp-content\/uploads\/2023\/11\/resident-evil-juegos-1024x747-2-300x219.jpg 300w, https:\/\/criticanoespecializada.com.ar\/wp-content\/uploads\/2023\/11\/resident-evil-juegos-1024x747-2-768x560.jpg 768w, https:\/\/criticanoespecializada.com.ar\/wp-content\/uploads\/2023\/11\/resident-evil-juegos-1024x747-2-16x12.jpg 16w\" sizes=\"auto, (max-width: 1024px) 100vw, 1024px\" \/><\/figure>\n<\/div>\n\n<div class=\"wp-block-image\">\n<figure class=\"aligncenter size-full is-resized\"><img loading=\"lazy\" decoding=\"async\" width=\"1024\" height=\"824\" src=\"https:\/\/criticanoespecializada.com.ar\/wp-content\/uploads\/2023\/11\/resident-evil-libros-1024x824-1.jpg\" alt=\"\" class=\"wp-image-5397\" style=\"aspect-ratio:1.2427184466019416;width:639px;height:auto\" title=\"\" srcset=\"https:\/\/criticanoespecializada.com.ar\/wp-content\/uploads\/2023\/11\/resident-evil-libros-1024x824-1.jpg 1024w, https:\/\/criticanoespecializada.com.ar\/wp-content\/uploads\/2023\/11\/resident-evil-libros-1024x824-1-300x241.jpg 300w, https:\/\/criticanoespecializada.com.ar\/wp-content\/uploads\/2023\/11\/resident-evil-libros-1024x824-1-768x618.jpg 768w, https:\/\/criticanoespecializada.com.ar\/wp-content\/uploads\/2023\/11\/resident-evil-libros-1024x824-1-15x12.jpg 15w\" sizes=\"auto, (max-width: 1024px) 100vw, 1024px\" \/><\/figure>\n<\/div>\n\n<div class=\"wp-block-image\">\n<figure class=\"aligncenter size-full is-resized\"><img loading=\"lazy\" decoding=\"async\" width=\"1024\" height=\"1024\" src=\"https:\/\/criticanoespecializada.com.ar\/wp-content\/uploads\/2023\/11\/resident-evil-peliculas-1024x1024-1.jpg\" alt=\"\" class=\"wp-image-5398\" style=\"aspect-ratio:1;width:626px;height:auto\" title=\"\" srcset=\"https:\/\/criticanoespecializada.com.ar\/wp-content\/uploads\/2023\/11\/resident-evil-peliculas-1024x1024-1.jpg 1024w, https:\/\/criticanoespecializada.com.ar\/wp-content\/uploads\/2023\/11\/resident-evil-peliculas-1024x1024-1-300x300.jpg 300w, https:\/\/criticanoespecializada.com.ar\/wp-content\/uploads\/2023\/11\/resident-evil-peliculas-1024x1024-1-150x150.jpg 150w, https:\/\/criticanoespecializada.com.ar\/wp-content\/uploads\/2023\/11\/resident-evil-peliculas-1024x1024-1-768x768.jpg 768w, https:\/\/criticanoespecializada.com.ar\/wp-content\/uploads\/2023\/11\/resident-evil-peliculas-1024x1024-1-12x12.jpg 12w\" sizes=\"auto, (max-width: 1024px) 100vw, 1024px\" \/><\/figure>\n<\/div>\n\n\n<p class=\"has-medium-font-size\" style=\"text-align: justify\">La destrucci\u00f3n de <strong><em>Raccoon City<\/em><\/strong> no sucede en el juego hasta el 1 de octubre. Poco tiempo para que podamos terminar todas las historias que abarcan esta exitosa franquicia de <a href=\"https:\/\/es.wikipedia.org\/wiki\/Videojuego_survival_horror\" target=\"_blank\" rel=\"noopener\"><strong><em>survival horror<\/em><\/strong><\/a>. Sin embargo, la fecha insignia de la saga nos trae al recuerdo uno de los mejores juegos de nuestra infancia.<\/p>\n\n\n\n<p class=\"has-text-align-right has-medium-font-size\">Por <strong><a href=\"https:\/\/instagram.com\/erikmukowoz?igshid=YmMyMTA2M2Y=\" target=\"_blank\" rel=\"noreferrer noopener\">Erik Mukowoz<\/a><\/strong>.<\/p>\n\n\n\n<p class=\"has-text-align-right has-medium-font-size\">M\u00e1s notas de Erik <a href=\"https:\/\/criticanoespecializada.com.ar\/en\/author\/erik-mukowoz\/\">aqu\u00ed<\/a>.<\/p>","protected":false},"excerpt":{"rendered":"<p>Resident Evil, la ic\u00f3nica franquicia de CAPCOM, ha tomado al d\u00eda 28 de septiembre como d\u00eda conmemorativo. Esta fecha, en la historia del juego, marca el principio del fin de la ciudad de Raccoon City. En todo el mundo se considera el 28 de septiembre como el &#8220;D\u00eda de Resident Evil&#8221;.<\/p>","protected":false},"author":52,"featured_media":3991,"comment_status":"open","ping_status":"open","sticky":false,"template":"","format":"standard","meta":{"googlesitekit_rrm_CAownYrbCw:productID":"","footnotes":""},"categories":[527,16],"tags":[517,223,524,518,525,225,520,516,519,522,521,523],"class_list":["post-3988","post","type-post","status-publish","format-standard","has-post-thumbnail","hentry","category-notas-de-neon","category-videojuegos","tag-capcom","tag-gamer","tag-games","tag-juegos","tag-peliculas-2","tag-playstation","tag-remake","tag-resident-evil","tag-resident-evil-4","tag-sony","tag-videogames","tag-xbox"],"aioseo_notices":[],"_links":{"self":[{"href":"https:\/\/criticanoespecializada.com.ar\/en\/wp-json\/wp\/v2\/posts\/3988","targetHints":{"allow":["GET"]}}],"collection":[{"href":"https:\/\/criticanoespecializada.com.ar\/en\/wp-json\/wp\/v2\/posts"}],"about":[{"href":"https:\/\/criticanoespecializada.com.ar\/en\/wp-json\/wp\/v2\/types\/post"}],"author":[{"embeddable":true,"href":"https:\/\/criticanoespecializada.com.ar\/en\/wp-json\/wp\/v2\/users\/52"}],"replies":[{"embeddable":true,"href":"https:\/\/criticanoespecializada.com.ar\/en\/wp-json\/wp\/v2\/comments?post=3988"}],"version-history":[{"count":4,"href":"https:\/\/criticanoespecializada.com.ar\/en\/wp-json\/wp\/v2\/posts\/3988\/revisions"}],"predecessor-version":[{"id":5399,"href":"https:\/\/criticanoespecializada.com.ar\/en\/wp-json\/wp\/v2\/posts\/3988\/revisions\/5399"}],"wp:featuredmedia":[{"embeddable":true,"href":"https:\/\/criticanoespecializada.com.ar\/en\/wp-json\/wp\/v2\/media\/3991"}],"wp:attachment":[{"href":"https:\/\/criticanoespecializada.com.ar\/en\/wp-json\/wp\/v2\/media?parent=3988"}],"wp:term":[{"taxonomy":"category","embeddable":true,"href":"https:\/\/criticanoespecializada.com.ar\/en\/wp-json\/wp\/v2\/categories?post=3988"},{"taxonomy":"post_tag","embeddable":true,"href":"https:\/\/criticanoespecializada.com.ar\/en\/wp-json\/wp\/v2\/tags?post=3988"}],"curies":[{"name":"wp","href":"https:\/\/api.w.org\/{rel}","templated":true}]}}