{"id":4095,"date":"2022-11-10T17:17:33","date_gmt":"2022-11-10T20:17:33","guid":{"rendered":"https:\/\/criticanoespecializada.com.ar\/?p=4095"},"modified":"2023-08-28T23:47:44","modified_gmt":"2023-08-29T02:47:44","slug":"el-menu","status":"publish","type":"post","link":"https:\/\/criticanoespecializada.com.ar\/en\/el-menu\/","title":{"rendered":"El men\u00fa"},"content":{"rendered":"<h2 class=\"wp-block-heading\">El Men\u00fa, critica. Un relato salvaje con mejor presupuesto<\/h2>\n\n\n\n<p><\/p>\n\n\n\n<figure class=\"wp-block-image alignfull size-large\"><img loading=\"lazy\" decoding=\"async\" width=\"1024\" height=\"431\" src=\"https:\/\/criticanoespecializada.com.ar\/wp-content\/uploads\/2022\/11\/el-menu-1024x431.jpg\" alt=\"El Menu\" class=\"wp-image-4096\" title=\"\" srcset=\"https:\/\/criticanoespecializada.com.ar\/wp-content\/uploads\/2022\/11\/el-menu-1024x431.jpg 1024w, https:\/\/criticanoespecializada.com.ar\/wp-content\/uploads\/2022\/11\/el-menu-300x126.jpg 300w, https:\/\/criticanoespecializada.com.ar\/wp-content\/uploads\/2022\/11\/el-menu-768x323.jpg 768w, https:\/\/criticanoespecializada.com.ar\/wp-content\/uploads\/2022\/11\/el-menu-1536x647.jpg 1536w, https:\/\/criticanoespecializada.com.ar\/wp-content\/uploads\/2022\/11\/el-menu-18x8.jpg 18w, https:\/\/criticanoespecializada.com.ar\/wp-content\/uploads\/2022\/11\/el-menu.jpg 1903w\" sizes=\"auto, (max-width: 1024px) 100vw, 1024px\" \/><figcaption class=\"wp-element-caption\">The cast of the film THE MENU. Courtesy of Searchlight Pictures. \u00a9 2022 20th Century Studios All Rights Reserved.<\/figcaption><\/figure>\n\n\n<p style=\"text-align: justify;\">Todo comienza cuando un yate de lujo pasa a buscar a un m\u00ednimo n\u00famero de personas para llevarlas a una isla, esta isla es un exclusivo restaurante hecho para crear la mejor experiencia culinaria de todas las experiencias culinarias habidas y por haber, ya que en esta isla todos los cocineros viven (literalmente) por llevar a cada comensal un plato excepcional, \u00bfexagerado?, exagerado es lo que viene despu\u00e9s, puesto que todo tiene su peque\u00f1o detalle obsesivo a medida que suceden las cosas y a la \u00fanica que parece incomodarle es a nuestra Anya, haciendo el papel de Margot; una joven que se muestra sumamente despreocupada, pero que apenas pone un pie en la isla siente que est\u00e1 cumpliendo un compromiso indeclinable.<\/p>\n<p style=\"text-align: justify;\">El Chef de este restaurante (Ralph Fiennes), es un chef que tambi\u00e9n vive en la isla con los dem\u00e1s cocineros y trabajadores, pero completamente aislado. Su presencia en el sal\u00f3n solo trae m\u00e1s intriga a lo que pasara despu\u00e9s y por supuesto su mirada se clava en Margot, ya que por alg\u00fan motivo es la \u00fanica que desencaja con todo el Men\u00fa, para el chef.<\/p>\n\n\n<figure class=\"wp-block-image alignwide size-large\"><img loading=\"lazy\" decoding=\"async\" width=\"1024\" height=\"576\" src=\"https:\/\/criticanoespecializada.com.ar\/wp-content\/uploads\/2022\/11\/el-menu2-1024x576.jpg\" alt=\"\" class=\"wp-image-4097\" title=\"\" srcset=\"https:\/\/criticanoespecializada.com.ar\/wp-content\/uploads\/2022\/11\/el-menu2-1024x576.jpg 1024w, https:\/\/criticanoespecializada.com.ar\/wp-content\/uploads\/2022\/11\/el-menu2-300x169.jpg 300w, https:\/\/criticanoespecializada.com.ar\/wp-content\/uploads\/2022\/11\/el-menu2-768x432.jpg 768w, https:\/\/criticanoespecializada.com.ar\/wp-content\/uploads\/2022\/11\/el-menu2-1536x864.jpg 1536w, https:\/\/criticanoespecializada.com.ar\/wp-content\/uploads\/2022\/11\/el-menu2-2048x1152.jpg 2048w, https:\/\/criticanoespecializada.com.ar\/wp-content\/uploads\/2022\/11\/el-menu2-18x10.jpg 18w\" sizes=\"auto, (max-width: 1024px) 100vw, 1024px\" \/><figcaption class=\"wp-element-caption\">The cast of  the film THE MENU. Photo by Eric Zachanowich. Courtesy of Searchlight Pictures. \u00a9 2022 20th Century Studios All Rights Reserved<\/figcaption><\/figure>\n\n\n<p style=\"text-align: justify;\">A medida que el film continua, nos empezamos a posicionar en diferentes lados de la mesa de acuerdo a diferentes situaciones que se nos presentan, pero lo que declina esta pel\u00edcula es tan obvio, que no intenta que dudemos de lo que esta pasando, ya que identificarnos se vuelve cada vez m\u00e1s dif\u00edcil para el tipo de personajes que nos presentan.<\/p>\n<p style=\"text-align: justify;\">Un humor demasiado negro y que hasta le da credibilidad a una profesi\u00f3n que di\u00f3 un incre\u00edble salto en status para quien puede disfrutarla. Una pel\u00edcula que nos quiere llenar de met\u00e1foras y que hacia el final se vuelve innecesariamente predecible y absurdamente moralista.<br \/>\u00bfThriller? Puede ser \u00bfComedia negra? Definitivamente.<\/p>\n\n\n<figure class=\"wp-block-image size-large\"><img loading=\"lazy\" decoding=\"async\" width=\"1024\" height=\"431\" src=\"https:\/\/criticanoespecializada.com.ar\/wp-content\/uploads\/2022\/11\/el-menu3-1024x431.jpg\" alt=\"\" class=\"wp-image-4098\" title=\"\" srcset=\"https:\/\/criticanoespecializada.com.ar\/wp-content\/uploads\/2022\/11\/el-menu3-1024x431.jpg 1024w, https:\/\/criticanoespecializada.com.ar\/wp-content\/uploads\/2022\/11\/el-menu3-300x126.jpg 300w, https:\/\/criticanoespecializada.com.ar\/wp-content\/uploads\/2022\/11\/el-menu3-768x323.jpg 768w, https:\/\/criticanoespecializada.com.ar\/wp-content\/uploads\/2022\/11\/el-menu3-1536x647.jpg 1536w, https:\/\/criticanoespecializada.com.ar\/wp-content\/uploads\/2022\/11\/el-menu3-18x8.jpg 18w, https:\/\/criticanoespecializada.com.ar\/wp-content\/uploads\/2022\/11\/el-menu3.jpg 1903w\" sizes=\"auto, (max-width: 1024px) 100vw, 1024px\" \/><figcaption class=\"wp-element-caption\">El men\u00fa<\/figcaption><\/figure>\n\n\n\n<h2 class=\"wp-block-heading\">Valoraci\u00f3n<br>3\/5<\/h2>\n\n\n\n<h2 class=\"wp-block-heading\">Lo mejorcito<\/h2>\n\n\n<p>Varios di\u00e1logos, la actuaci\u00f3n de Ralph Fiennes lo m\u00e1s rescatable, buen humor negro.<\/p>\n\n\n<h2 class=\"wp-block-heading\">Lo peorcito<\/h2>\n\n\n<p>Anya est\u00e1 siendo encasillada en un personaje que puede dejar de gustar. Actores muy estereotipo. El tr\u00e1iler cuenta demasiado.<\/p>\n\n\n<h2 class=\"wp-block-heading\">Trailer<\/h2>\n\n\n\n<figure class=\"wp-block-embed is-type-video is-provider-youtube wp-block-embed-youtube wp-embed-aspect-16-9 wp-has-aspect-ratio\"><div class=\"wp-block-embed__wrapper\">\n<iframe loading=\"lazy\" title=\"#ElMen\u00fa | Tr\u00e1iler Oficial | Subtitulado con Subt\u00edtulos Descriptivos\" width=\"1110\" height=\"624\" src=\"https:\/\/www.youtube.com\/embed\/GTskWaBYAfc?feature=oembed\" frameborder=\"0\" allow=\"accelerometer; autoplay; clipboard-write; encrypted-media; gyroscope; picture-in-picture\" allowfullscreen><\/iframe>\n<\/div><figcaption class=\"wp-element-caption\">El men\u00fa<\/figcaption><\/figure>\n\n\n\n<h2 class=\"wp-block-heading\">Sinopsis<\/h2>\n\n\n<p style=\"text-align: justify;\">Una pareja (Anya Taylor-Joy y Nicholas Hoult) viaja a una isla costera para disfrutar de\u00a0<span class=\"il\">un<\/span>\u00a0restaurante exclusivo donde\u00a0<span class=\"il\">el<\/span>\u00a0chef (Ralph Fiennes) ha preparado\u00a0<span class=\"il\">un<\/span>\u00a0<span class=\"il\">men\u00fa<\/span>\u00a0lujoso con algunas sorpresas impactantes.\u00a0<\/p>\n\n\n<h2 class=\"wp-block-heading\">Ficha T\u00e9cnica<\/h2>\n\n\n<p style=\"text-align: justify;\">El men\u00fa (The Menu, Estados Unidos\/2022). Direcci\u00f3n: Mark Mylod. Elenco: Anya Taylor-Joy, Ralph Fiennes, Nicholas Hoult, John Leguizamo y Janet McTeer. Guion: Seth Reiss y Will Tracy.<\/p>","protected":false},"excerpt":{"rendered":"<p>El Men\u00fa, critica. Un relato salvaje con mejor presupuesto Todo comienza cuando un yate de lujo pasa a buscar a un m\u00ednimo n\u00famero de personas para llevarlas a una isla,&hellip; <\/p>","protected":false},"author":1,"featured_media":4100,"comment_status":"open","ping_status":"open","sticky":false,"template":"","format":"standard","meta":{"googlesitekit_rrm_CAownYrbCw:productID":"","footnotes":""},"categories":[2,54],"tags":[5,537,6],"class_list":["post-4095","post","type-post","status-publish","format-standard","has-post-thumbnail","hentry","category-cine-y-series","category-la-critica","tag-cine","tag-comedia-negra","tag-criticas"],"aioseo_notices":[],"_links":{"self":[{"href":"https:\/\/criticanoespecializada.com.ar\/en\/wp-json\/wp\/v2\/posts\/4095","targetHints":{"allow":["GET"]}}],"collection":[{"href":"https:\/\/criticanoespecializada.com.ar\/en\/wp-json\/wp\/v2\/posts"}],"about":[{"href":"https:\/\/criticanoespecializada.com.ar\/en\/wp-json\/wp\/v2\/types\/post"}],"author":[{"embeddable":true,"href":"https:\/\/criticanoespecializada.com.ar\/en\/wp-json\/wp\/v2\/users\/1"}],"replies":[{"embeddable":true,"href":"https:\/\/criticanoespecializada.com.ar\/en\/wp-json\/wp\/v2\/comments?post=4095"}],"version-history":[{"count":3,"href":"https:\/\/criticanoespecializada.com.ar\/en\/wp-json\/wp\/v2\/posts\/4095\/revisions"}],"predecessor-version":[{"id":5096,"href":"https:\/\/criticanoespecializada.com.ar\/en\/wp-json\/wp\/v2\/posts\/4095\/revisions\/5096"}],"wp:featuredmedia":[{"embeddable":true,"href":"https:\/\/criticanoespecializada.com.ar\/en\/wp-json\/wp\/v2\/media\/4100"}],"wp:attachment":[{"href":"https:\/\/criticanoespecializada.com.ar\/en\/wp-json\/wp\/v2\/media?parent=4095"}],"wp:term":[{"taxonomy":"category","embeddable":true,"href":"https:\/\/criticanoespecializada.com.ar\/en\/wp-json\/wp\/v2\/categories?post=4095"},{"taxonomy":"post_tag","embeddable":true,"href":"https:\/\/criticanoespecializada.com.ar\/en\/wp-json\/wp\/v2\/tags?post=4095"}],"curies":[{"name":"wp","href":"https:\/\/api.w.org\/{rel}","templated":true}]}}