{"id":4960,"date":"2023-08-11T20:57:39","date_gmt":"2023-08-11T23:57:39","guid":{"rendered":"https:\/\/criticanoespecializada.com.ar\/?p=4960"},"modified":"2023-11-06T11:28:55","modified_gmt":"2023-11-06T14:28:55","slug":"hablame","status":"publish","type":"post","link":"https:\/\/criticanoespecializada.com.ar\/en\/hablame\/","title":{"rendered":"H\u00e1blame (Direcci\u00f3n: Danny y Michael Philippou)"},"content":{"rendered":"<div class=\"wp-block-image\">\n<figure class=\"aligncenter size-large is-resized\"><img loading=\"lazy\" decoding=\"async\" width=\"717\" height=\"1024\" src=\"https:\/\/criticanoespecializada.com.ar\/wp-content\/uploads\/2023\/08\/TKTME_KeyArtDigitalVRT_RGB-FIN_R12_-TEASER_70x100-baja_e-717x1024.jpg\" alt=\"\" class=\"wp-image-4983\" style=\"width:611px;height:872px\" title=\"\" srcset=\"https:\/\/criticanoespecializada.com.ar\/wp-content\/uploads\/2023\/08\/TKTME_KeyArtDigitalVRT_RGB-FIN_R12_-TEASER_70x100-baja_e-717x1024.jpg 717w, https:\/\/criticanoespecializada.com.ar\/wp-content\/uploads\/2023\/08\/TKTME_KeyArtDigitalVRT_RGB-FIN_R12_-TEASER_70x100-baja_e-210x300.jpg 210w, https:\/\/criticanoespecializada.com.ar\/wp-content\/uploads\/2023\/08\/TKTME_KeyArtDigitalVRT_RGB-FIN_R12_-TEASER_70x100-baja_e-768x1097.jpg 768w, https:\/\/criticanoespecializada.com.ar\/wp-content\/uploads\/2023\/08\/TKTME_KeyArtDigitalVRT_RGB-FIN_R12_-TEASER_70x100-baja_e-1075x1536.jpg 1075w, https:\/\/criticanoespecializada.com.ar\/wp-content\/uploads\/2023\/08\/TKTME_KeyArtDigitalVRT_RGB-FIN_R12_-TEASER_70x100-baja_e-8x12.jpg 8w, https:\/\/criticanoespecializada.com.ar\/wp-content\/uploads\/2023\/08\/TKTME_KeyArtDigitalVRT_RGB-FIN_R12_-TEASER_70x100-baja_e.jpg 1158w\" sizes=\"auto, (max-width: 717px) 100vw, 717px\" \/><\/figure>\n<\/div>\n\n\n<h2 class=\"wp-block-heading has-text-align-center\">Rese\u00f1a:<\/h2>\n\n\n\n<p>\u00daltimamente me cruce con muchas pel\u00edculas realmente llamativas, ninguna me disgusto, fueron arriesgadas y \u00fanicas en su propio estilo de contar historias. Si bien el terror no es algo que me sorprenda hoy en d\u00eda, realmente estoy abierto a muchas propuestas, nadie sabe con que se pueda sorprender a futuro.<\/p>\n\n\n\n<p>&#8220;H\u00e1blame&#8221; (Talk To Me) lleva el terror a otro nivel, una simple idea llevada al m\u00e1ximo nivel. Una propuesta impresionante en lo actoral y en direcci\u00f3n.<\/p>\n\n\n\n<p>\u00bfQuienes son los directores? Los hermanos Philippou empezaron como creadores de contenidos en Youtube bajo el canal llamado &#8220;RackaRacka&#8221;, en donde se destacaban por sus incre\u00edbles producciones de cortometrajes, en donde la sangre y la destrucci\u00f3n son su marca registrada en cada uno. Esta es su primer llegada al cine y lo hacen a lo grande, todo lo que experimentaron lo ponen a la obra regalando un espect\u00e1culo visual catastr\u00f3fico y terror\u00edfico.<\/p>\n\n\n<div class=\"wp-block-image\">\n<figure class=\"aligncenter size-large is-resized\"><img loading=\"lazy\" decoding=\"async\" width=\"1024\" height=\"683\" src=\"https:\/\/criticanoespecializada.com.ar\/wp-content\/uploads\/2023\/08\/01-1024x683.jpg\" alt=\"\" class=\"wp-image-4984\" style=\"width:618px;height:412px\" title=\"\" srcset=\"https:\/\/criticanoespecializada.com.ar\/wp-content\/uploads\/2023\/08\/01-1024x683.jpg 1024w, https:\/\/criticanoespecializada.com.ar\/wp-content\/uploads\/2023\/08\/01-300x200.jpg 300w, https:\/\/criticanoespecializada.com.ar\/wp-content\/uploads\/2023\/08\/01-768x512.jpg 768w, https:\/\/criticanoespecializada.com.ar\/wp-content\/uploads\/2023\/08\/01-18x12.jpg 18w, https:\/\/criticanoespecializada.com.ar\/wp-content\/uploads\/2023\/08\/01.jpg 1535w\" sizes=\"auto, (max-width: 1024px) 100vw, 1024px\" \/><\/figure>\n<\/div>\n\n\n<p>Si bien la propuesta podr\u00eda resultar parecida a una t\u00edpica pelicula de Quija, sobre &#8220;llamar a los muertos y sus correspondientes consecuencias&#8221;; los directores logran enfocarse en la tensi\u00f3n de la protagonista, que no lo tomes como algo trillado, sino que sea algo dif\u00edcil de ver y del cual ser parte. Sorprende que con un presupuesto reducido logren desarrollar un producto realmente redondo, del cual mas de uno saldr\u00e1 satisfecho de verla.<\/p>\n\n\n\n<p>En cuanto al elenco, al ser actores no muy conocidos el publico no sentir\u00e1 predecible la resoluci\u00f3n, eso ayuda a que el camino de cada uno sea incierto y que mas de un personaje capte nuestra atenci\u00f3n por completo. <\/p>\n\n\n\n<p>En cuanto a los maquillajes, el trabajo es espectacular, no solo se enfocan en hacer cortes o heridas, todo el tiempo buscan ser lo mas expl\u00edcitos posibles y causar incomodidad absoluta ante lo que se ve. <\/p>\n\n\n\n<p>La m\u00fasica intenta no ser invasiva y en principio te subraya que es de terror adolescente, en donde las fiestas y los excesos se hacen presentes; pero al momento de volverse serios, gira por completo, en donde llama al publico adulto a que se integre en la historia tambi\u00e9n. <\/p>\n\n\n<div class=\"wp-block-image\">\n<figure class=\"aligncenter size-large is-resized\"><img loading=\"lazy\" decoding=\"async\" width=\"1024\" height=\"686\" src=\"https:\/\/criticanoespecializada.com.ar\/wp-content\/uploads\/2023\/08\/1529-1024-1-1024x686.jpg\" alt=\"\" class=\"wp-image-4985\" style=\"width:670px;height:449px\" title=\"\" srcset=\"https:\/\/criticanoespecializada.com.ar\/wp-content\/uploads\/2023\/08\/1529-1024-1-1024x686.jpg 1024w, https:\/\/criticanoespecializada.com.ar\/wp-content\/uploads\/2023\/08\/1529-1024-1-300x201.jpg 300w, https:\/\/criticanoespecializada.com.ar\/wp-content\/uploads\/2023\/08\/1529-1024-1-768x514.jpg 768w, https:\/\/criticanoespecializada.com.ar\/wp-content\/uploads\/2023\/08\/1529-1024-1-18x12.jpg 18w, https:\/\/criticanoespecializada.com.ar\/wp-content\/uploads\/2023\/08\/1529-1024-1.jpg 1529w\" sizes=\"auto, (max-width: 1024px) 100vw, 1024px\" \/><\/figure>\n<\/div>\n\n\n<p>Estos directores ya se ganaron el favoritismo de muchos, no hay duda que en la exageraci\u00f3n de las tomas y el ritmo acelerado es marca de los propios directores, eso realmente ya es de tener anotado porque los empezaremos a ver seguido gracias a este \u00e9xito que disfrutaran. <\/p>\n\n\n\n<p>Sin duda es un gran espect\u00e1culo, vayan al cine y no les recomiendo llevar un balde grande de pochoclos, ya que pasaran con los ojos en la pantalla durante toda su duraci\u00f3n y no se perder\u00e1n de ninguna escena; ahora a su confirmaci\u00f3n de su secuela, se puede decir que el cine de Terror sigue vivo y que vuelve a toda velocidad, se agradece que las productores se arriesguen en buscar nuevas ideas y dejen de lado lo repetitivo, eso realmente ayuda a mejorar la experiencia.<\/p>\n\n\n\n<h2 class=\"wp-block-heading has-text-align-center\"><br>VALIDACI\u00d3N: A<\/h2>\n\n\n<div class=\"wp-block-image\">\n<figure class=\"aligncenter size-large is-resized\"><img loading=\"lazy\" decoding=\"async\" width=\"1024\" height=\"686\" src=\"https:\/\/criticanoespecializada.com.ar\/wp-content\/uploads\/2023\/08\/1529-1024-1024x686.jpg\" alt=\"\" class=\"wp-image-4986\" style=\"width:658px;height:441px\" title=\"\" srcset=\"https:\/\/criticanoespecializada.com.ar\/wp-content\/uploads\/2023\/08\/1529-1024-1024x686.jpg 1024w, https:\/\/criticanoespecializada.com.ar\/wp-content\/uploads\/2023\/08\/1529-1024-300x201.jpg 300w, https:\/\/criticanoespecializada.com.ar\/wp-content\/uploads\/2023\/08\/1529-1024-768x514.jpg 768w, https:\/\/criticanoespecializada.com.ar\/wp-content\/uploads\/2023\/08\/1529-1024-18x12.jpg 18w, https:\/\/criticanoespecializada.com.ar\/wp-content\/uploads\/2023\/08\/1529-1024.jpg 1529w\" sizes=\"auto, (max-width: 1024px) 100vw, 1024px\" \/><\/figure>\n<\/div>\n\n\n<h2 class=\"wp-block-heading has-text-align-center\"><br>Sinopsis:<\/h2>\n\n\n\n<p class=\"has-text-align-center\">Mia (Sophie Wilde) ha pasado a\u00f1os evitando el trauma de la muerte de su madre. Esto cambiar\u00e1 cuando sus amigos descubran c\u00f3mo conjurar esp\u00edritus usando una mano embalsamada, lo que la llevar\u00e1 a enfrentar a un alma que dice ser su madre muerta. La puerta al mundo de los esp\u00edritus ha sido abierta y ahora para sobrevivir, M\u00eda y sus amigos deber\u00e1n de elegir en qui\u00e9n confiar, \u00bfen los muertos o los vivos?<\/p>\n\n\n<div class=\"wp-block-image\">\n<figure class=\"aligncenter size-large is-resized\"><img loading=\"lazy\" decoding=\"async\" width=\"1024\" height=\"683\" src=\"https:\/\/criticanoespecializada.com.ar\/wp-content\/uploads\/2023\/08\/02-1024x683.jpg\" alt=\"\" class=\"wp-image-4987\" style=\"width:684px;height:456px\" title=\"\" srcset=\"https:\/\/criticanoespecializada.com.ar\/wp-content\/uploads\/2023\/08\/02-1024x683.jpg 1024w, https:\/\/criticanoespecializada.com.ar\/wp-content\/uploads\/2023\/08\/02-300x200.jpg 300w, https:\/\/criticanoespecializada.com.ar\/wp-content\/uploads\/2023\/08\/02-768x512.jpg 768w, https:\/\/criticanoespecializada.com.ar\/wp-content\/uploads\/2023\/08\/02-18x12.jpg 18w, https:\/\/criticanoespecializada.com.ar\/wp-content\/uploads\/2023\/08\/02.jpg 1536w\" sizes=\"auto, (max-width: 1024px) 100vw, 1024px\" \/><\/figure>\n<\/div>\n\n\n<h2 class=\"wp-block-heading has-text-align-center\"><br>Ficha T\u00e9cnica:<\/h2>\n\n\n\n<p class=\"has-text-align-center\">Direcci\u00f3n: Danny Philippou, Michael Philippou <\/p>\n\n\n\n<p class=\"has-text-align-center\">Guion: Danny Philippou, Bill Hinzman <\/p>\n\n\n\n<p class=\"has-text-align-center\">M\u00fasica: Cornel Wilczek <\/p>\n\n\n\n<p class=\"has-text-align-center\">Protagonistas: Sophie Wilde, Otis Dhanji, Miranda Otto, Zoe Terakes, Joe Bird.<\/p>\n\n\n\n<p class=\"has-text-align-center\">Fotograf\u00eda; Aaron McLisky \/ Compa\u00f1\u00edas: Causeway Films. \/ Distribuidora: A24, Diamond Films<\/p>\n\n\n\n<h2 class=\"wp-block-heading has-text-align-center\"><br>Trailer:<\/h2>\n\n\n\n<figure class=\"wp-block-embed aligncenter is-type-video is-provider-youtube wp-block-embed-youtube wp-embed-aspect-16-9 wp-has-aspect-ratio\"><div class=\"wp-block-embed__wrapper\">\n<iframe loading=\"lazy\" title=\"H\u00c1BLAME | TRAILER OFICIAL 2\" width=\"1110\" height=\"624\" src=\"https:\/\/www.youtube.com\/embed\/ZYASq2O1qt0?feature=oembed\" frameborder=\"0\" allow=\"accelerometer; autoplay; clipboard-write; encrypted-media; gyroscope; picture-in-picture; web-share\" allowfullscreen><\/iframe>\n<\/div><\/figure>\n\n\n\n<p class=\"has-text-align-right\">Por&nbsp;<strong><a href=\"https:\/\/instagram.com\/erikmukowoz?igshid=YmMyMTA2M2Y=\" target=\"_blank\" rel=\"noreferrer noopener\">Erik Mukowoz<\/a><\/strong>.<\/p>\n\n\n\n<p class=\"has-text-align-right\">M\u00e1s notas de Erik\u00a0<a href=\"https:\/\/criticanoespecializada.com.ar\/en\/author\/erik-mukowoz\/\">aqu\u00ed<\/a>.<\/p>","protected":false},"excerpt":{"rendered":"<p>Rese\u00f1a: \u00daltimamente me cruce con muchas pel\u00edculas realmente llamativas, ninguna me disgusto, fueron arriesgadas y \u00fanicas en su propio estilo de contar historias. Si bien el terror no es algo&hellip; <\/p>","protected":false},"author":52,"featured_media":4984,"comment_status":"open","ping_status":"open","sticky":false,"template":"","format":"standard","meta":{"googlesitekit_rrm_CAownYrbCw:productID":"","footnotes":""},"categories":[2,54],"tags":[665,778,779,260],"class_list":["post-4960","post","type-post","status-publish","format-standard","has-post-thumbnail","hentry","category-cine-y-series","category-la-critica","tag-665","tag-hablame","tag-talk-to-me","tag-terror"],"aioseo_notices":[],"_links":{"self":[{"href":"https:\/\/criticanoespecializada.com.ar\/en\/wp-json\/wp\/v2\/posts\/4960","targetHints":{"allow":["GET"]}}],"collection":[{"href":"https:\/\/criticanoespecializada.com.ar\/en\/wp-json\/wp\/v2\/posts"}],"about":[{"href":"https:\/\/criticanoespecializada.com.ar\/en\/wp-json\/wp\/v2\/types\/post"}],"author":[{"embeddable":true,"href":"https:\/\/criticanoespecializada.com.ar\/en\/wp-json\/wp\/v2\/users\/52"}],"replies":[{"embeddable":true,"href":"https:\/\/criticanoespecializada.com.ar\/en\/wp-json\/wp\/v2\/comments?post=4960"}],"version-history":[{"count":5,"href":"https:\/\/criticanoespecializada.com.ar\/en\/wp-json\/wp\/v2\/posts\/4960\/revisions"}],"predecessor-version":[{"id":5368,"href":"https:\/\/criticanoespecializada.com.ar\/en\/wp-json\/wp\/v2\/posts\/4960\/revisions\/5368"}],"wp:featuredmedia":[{"embeddable":true,"href":"https:\/\/criticanoespecializada.com.ar\/en\/wp-json\/wp\/v2\/media\/4984"}],"wp:attachment":[{"href":"https:\/\/criticanoespecializada.com.ar\/en\/wp-json\/wp\/v2\/media?parent=4960"}],"wp:term":[{"taxonomy":"category","embeddable":true,"href":"https:\/\/criticanoespecializada.com.ar\/en\/wp-json\/wp\/v2\/categories?post=4960"},{"taxonomy":"post_tag","embeddable":true,"href":"https:\/\/criticanoespecializada.com.ar\/en\/wp-json\/wp\/v2\/tags?post=4960"}],"curies":[{"name":"wp","href":"https:\/\/api.w.org\/{rel}","templated":true}]}}