{"id":5025,"date":"2023-08-20T17:53:13","date_gmt":"2023-08-20T20:53:13","guid":{"rendered":"https:\/\/criticanoespecializada.com.ar\/?p=5025"},"modified":"2023-08-20T19:29:23","modified_gmt":"2023-08-20T22:29:23","slug":"daniel-ibana","status":"publish","type":"post","link":"https:\/\/criticanoespecializada.com.ar\/en\/daniel-ibana\/","title":{"rendered":"Daniel Iba\u00f1a: Ganador del Premio literario Petricor"},"content":{"rendered":"<h4 class=\"wp-block-heading\"><a href=\"https:\/\/instagram.com\/mi_lado_salvaje?igshid=MzRlODBiNWFlZA==\" target=\"_blank\" rel=\"noopener\">Daniel Iba\u00f1a<\/a> es el ganador del primer premio literario <a href=\"https:\/\/instagram.com\/petricor.ediciones?igshid=MzRlODBiNWFlZA==\" target=\"_blank\" rel=\"noopener\">Petricor<\/a> organizado por la revista. Conversamos con el autor para conocerlo m\u00e1s y compartimos el cuento con el que se llev\u00f3 el primer premio del certamen, &#8220;Los usos del bistur\u00ed&#8221;. <\/h4>\n\n\n\n<div style=\"height:20px\" aria-hidden=\"true\" class=\"wp-block-spacer\"><\/div>\n\n\n<div class=\"wp-block-image\">\n<figure class=\"aligncenter size-large is-resized\"><img loading=\"lazy\" decoding=\"async\" src=\"https:\/\/criticanoespecializada.com.ar\/wp-content\/uploads\/2023\/08\/WhatsApp-Image-2023-08-15-at-14.25.40-1024x775.jpeg\" alt=\"\" class=\"wp-image-5028\" style=\"width:652px;height:493px\" width=\"652\" height=\"493\" title=\"\" srcset=\"https:\/\/criticanoespecializada.com.ar\/wp-content\/uploads\/2023\/08\/WhatsApp-Image-2023-08-15-at-14.25.40-1024x775.jpeg 1024w, https:\/\/criticanoespecializada.com.ar\/wp-content\/uploads\/2023\/08\/WhatsApp-Image-2023-08-15-at-14.25.40-300x227.jpeg 300w, https:\/\/criticanoespecializada.com.ar\/wp-content\/uploads\/2023\/08\/WhatsApp-Image-2023-08-15-at-14.25.40-768x581.jpeg 768w, https:\/\/criticanoespecializada.com.ar\/wp-content\/uploads\/2023\/08\/WhatsApp-Image-2023-08-15-at-14.25.40-16x12.jpeg 16w, https:\/\/criticanoespecializada.com.ar\/wp-content\/uploads\/2023\/08\/WhatsApp-Image-2023-08-15-at-14.25.40.jpeg 1054w\" sizes=\"auto, (max-width: 652px) 100vw, 652px\" \/><\/figure>\n<\/div>\n\n\n<div style=\"height:20px\" aria-hidden=\"true\" class=\"wp-block-spacer\"><\/div>\n\n\n\n<p class=\"has-medium-font-size\"><strong>Por <a href=\"https:\/\/www.instagram.com\/ezequiel_olasagasti\/\" target=\"_blank\" rel=\"noopener\">Ezequiel Olasagasti<\/a><\/strong><\/p>\n\n\n\n<p class=\"has-medium-font-size\" style=\"text-align: justify;\">Este s\u00e1bado 12 de agosto, conocimos a los ganadores del primer Premio literario Petricor. Un evento organizado por la revista Cr\u00edtica no especializada junto a <a href=\"https:\/\/instagram.com\/opinionesmarginales?igshid=MzRlODBiNWFlZA==\" target=\"_blank\" rel=\"noopener\">Juli\u00e1n Contreras<\/a>, editor de <a href=\"https:\/\/petricoreditorial.wordpress.com\/\" target=\"_blank\" rel=\"noopener\">Petricor editorial<\/a>. Con las horas contadas antes de cumplir con el deber c\u00edvico en el pa\u00eds, autores, jueces e invitados se dieron cita en el centro cultural Mucicleta de Villa crespo para aplaudir a los seleccionados. El certamen recibi\u00f3 cuentos de todas partes del pa\u00eds, cada uno con estilos, t\u00e9cnicas, tem\u00e1ticas y conceptos por dem\u00e1s variopintos. Sin embargo, aunque los jueces tuvieron que pelearse entre tantas obras merecedoras, solo unos pocos fueron los seleccionados.<\/p>\n\n\n\n<div style=\"height:30px\" aria-hidden=\"true\" class=\"wp-block-spacer\"><\/div>\n\n\n\n<p style=\"font-size: 24px; text-align: justify;\"><span style=\"text-decoration: underline; color: #ff0000;\"><strong>Los ganadores:<\/strong><\/span><\/p>\n\n\n\n<div style=\"height:30px\" aria-hidden=\"true\" class=\"wp-block-spacer\"><\/div>\n\n\n\n<figure class=\"wp-block-gallery has-nested-images columns-default is-cropped wp-block-gallery-1 is-layout-flex wp-block-gallery-is-layout-flex\">\n<figure class=\"wp-block-image size-large\"><img loading=\"lazy\" decoding=\"async\" width=\"776\" height=\"1024\" data-id=\"5034\" src=\"https:\/\/criticanoespecializada.com.ar\/wp-content\/uploads\/2023\/08\/WhatsApp-Image-2023-08-15-at-14.25.41-776x1024.jpeg\" alt=\"\" class=\"wp-image-5034\" title=\"\" srcset=\"https:\/\/criticanoespecializada.com.ar\/wp-content\/uploads\/2023\/08\/WhatsApp-Image-2023-08-15-at-14.25.41-776x1024.jpeg 776w, https:\/\/criticanoespecializada.com.ar\/wp-content\/uploads\/2023\/08\/WhatsApp-Image-2023-08-15-at-14.25.41-227x300.jpeg 227w, https:\/\/criticanoespecializada.com.ar\/wp-content\/uploads\/2023\/08\/WhatsApp-Image-2023-08-15-at-14.25.41-768x1014.jpeg 768w, https:\/\/criticanoespecializada.com.ar\/wp-content\/uploads\/2023\/08\/WhatsApp-Image-2023-08-15-at-14.25.41-9x12.jpeg 9w, https:\/\/criticanoespecializada.com.ar\/wp-content\/uploads\/2023\/08\/WhatsApp-Image-2023-08-15-at-14.25.41.jpeg 1077w\" sizes=\"auto, (max-width: 776px) 100vw, 776px\" \/><figcaption class=\"wp-element-caption\"><a href=\"https:\/\/www.facebook.com\/planetaDany?mibextid=ZbWKwL\" target=\"_blank\" rel=\"noopener\">Daniel Iba\u00f1a<\/a> &#8211; Primier puesto<\/figcaption><\/figure>\n\n\n\n<figure class=\"wp-block-image size-large\"><img loading=\"lazy\" decoding=\"async\" width=\"720\" height=\"720\" data-id=\"5035\" src=\"https:\/\/criticanoespecializada.com.ar\/wp-content\/uploads\/2023\/08\/WhatsApp-Image-2023-08-20-at-16.03.21.jpeg\" alt=\"\" class=\"wp-image-5035\" title=\"\" srcset=\"https:\/\/criticanoespecializada.com.ar\/wp-content\/uploads\/2023\/08\/WhatsApp-Image-2023-08-20-at-16.03.21.jpeg 720w, https:\/\/criticanoespecializada.com.ar\/wp-content\/uploads\/2023\/08\/WhatsApp-Image-2023-08-20-at-16.03.21-300x300.jpeg 300w, https:\/\/criticanoespecializada.com.ar\/wp-content\/uploads\/2023\/08\/WhatsApp-Image-2023-08-20-at-16.03.21-150x150.jpeg 150w, https:\/\/criticanoespecializada.com.ar\/wp-content\/uploads\/2023\/08\/WhatsApp-Image-2023-08-20-at-16.03.21-12x12.jpeg 12w\" sizes=\"auto, (max-width: 720px) 100vw, 720px\" \/><figcaption class=\"wp-element-caption\"><a href=\"https:\/\/instagram.com\/laurabarrios_mdp?igshid=MzRlODBiNWFlZA==\" target=\"_blank\" rel=\"noopener\">Laura Barrios<\/a> &#8211; Segundo puesto<\/figcaption><\/figure>\n\n\n\n<figure class=\"wp-block-image size-large\"><img loading=\"lazy\" decoding=\"async\" width=\"700\" height=\"500\" data-id=\"5033\" src=\"https:\/\/criticanoespecializada.com.ar\/wp-content\/uploads\/2023\/08\/Ulises_cremonte2.jpg\" alt=\"\" class=\"wp-image-5033\" title=\"\" srcset=\"https:\/\/criticanoespecializada.com.ar\/wp-content\/uploads\/2023\/08\/Ulises_cremonte2.jpg 700w, https:\/\/criticanoespecializada.com.ar\/wp-content\/uploads\/2023\/08\/Ulises_cremonte2-300x214.jpg 300w, https:\/\/criticanoespecializada.com.ar\/wp-content\/uploads\/2023\/08\/Ulises_cremonte2-18x12.jpg 18w\" sizes=\"auto, (max-width: 700px) 100vw, 700px\" \/><figcaption class=\"wp-element-caption\"><a href=\"https:\/\/instagram.com\/ulisescremonte?igshid=MzRlODBiNWFlZA==\" target=\"_blank\" rel=\"noopener\">Ulises Cremonte<\/a> &#8211; Tercer puesto<\/figcaption><\/figure>\n\n\n\n<figure class=\"wp-block-image size-large\"><img loading=\"lazy\" decoding=\"async\" width=\"225\" height=\"225\" data-id=\"5031\" src=\"https:\/\/criticanoespecializada.com.ar\/wp-content\/uploads\/2023\/08\/FPTn-Chg_400x400.jpg\" alt=\"\" class=\"wp-image-5031\" title=\"\" srcset=\"https:\/\/criticanoespecializada.com.ar\/wp-content\/uploads\/2023\/08\/FPTn-Chg_400x400.jpg 225w, https:\/\/criticanoespecializada.com.ar\/wp-content\/uploads\/2023\/08\/FPTn-Chg_400x400-150x150.jpg 150w, https:\/\/criticanoespecializada.com.ar\/wp-content\/uploads\/2023\/08\/FPTn-Chg_400x400-12x12.jpg 12w\" sizes=\"auto, (max-width: 225px) 100vw, 225px\" \/><figcaption class=\"wp-element-caption\"><a href=\"https:\/\/www.facebook.com\/hilda.wynne.5?mibextid=ZbWKwL\" target=\"_blank\" rel=\"noopener\">Hilda Winne <\/a>&#8211; Primera menci\u00f3n<\/figcaption><\/figure>\n\n\n\n<figure class=\"wp-block-image size-large\"><img loading=\"lazy\" decoding=\"async\" width=\"225\" height=\"225\" data-id=\"5032\" src=\"https:\/\/criticanoespecializada.com.ar\/wp-content\/uploads\/2023\/08\/images-1.jpg\" alt=\"\" class=\"wp-image-5032\" title=\"\" srcset=\"https:\/\/criticanoespecializada.com.ar\/wp-content\/uploads\/2023\/08\/images-1.jpg 225w, https:\/\/criticanoespecializada.com.ar\/wp-content\/uploads\/2023\/08\/images-1-150x150.jpg 150w, https:\/\/criticanoespecializada.com.ar\/wp-content\/uploads\/2023\/08\/images-1-12x12.jpg 12w\" sizes=\"auto, (max-width: 225px) 100vw, 225px\" \/><figcaption class=\"wp-element-caption\"><a href=\"https:\/\/www.facebook.com\/gabriel.olea?mibextid=ZbWKwL\" target=\"_blank\" rel=\"noopener\">Gabriel Olea<\/a> &#8211; Segunda menci\u00f3n<\/figcaption><\/figure>\n\n\n\n<figure class=\"wp-block-image size-large\"><img loading=\"lazy\" decoding=\"async\" width=\"225\" height=\"225\" data-id=\"5036\" src=\"https:\/\/criticanoespecializada.com.ar\/wp-content\/uploads\/2023\/08\/images.jpg\" alt=\"\" class=\"wp-image-5036\" title=\"\" srcset=\"https:\/\/criticanoespecializada.com.ar\/wp-content\/uploads\/2023\/08\/images.jpg 225w, https:\/\/criticanoespecializada.com.ar\/wp-content\/uploads\/2023\/08\/images-150x150.jpg 150w, https:\/\/criticanoespecializada.com.ar\/wp-content\/uploads\/2023\/08\/images-12x12.jpg 12w\" sizes=\"auto, (max-width: 225px) 100vw, 225px\" \/><figcaption class=\"wp-element-caption\"><a href=\"https:\/\/instagram.com\/teodorotenenbaum?igshid=MzRlODBiNWFlZA==\" target=\"_blank\" rel=\"noopener\">Teodoro Tenenbaum<\/a> &#8211; Tercera menci\u00f3n<\/figcaption><\/figure>\n<\/figure>\n\n\n\n<div style=\"height:30px\" aria-hidden=\"true\" class=\"wp-block-spacer\"><\/div>\n\n\n\n<p style=\"font-size: 24px; text-align: justify;\"><strong>Pueden leer los cuentos ganadores <a href=\"https:\/\/www.dropbox.com\/sh\/wadrmh7kyunbxj4\/AACM6TXiv6JhMsnjg1ePkaKfa?dl=0\" target=\"_blank\" rel=\"noopener\">aqu\u00ed<\/a>.<\/strong><\/p>\n\n\n\n<div style=\"height:31px\" aria-hidden=\"true\" class=\"wp-block-spacer\"><\/div>\n\n\n\n<p class=\"has-medium-font-size\" style=\"text-align: justify;\">El primer puesto fue para Daniel Iba\u00f1a por su cuento \u201cLos usos del bistur\u00ed\u201d. Daniel es gan\u00f3 la posibilidad de editar su libro en formato digital con la editorial Petricor. Conversamos con el autor para conocer un poco m\u00e1s de \u00e9l.<\/p>\n\n\n\n<div style=\"height:20px\" aria-hidden=\"true\" class=\"wp-block-spacer\"><\/div>\n\n\n\n<p class=\"has-medium-font-size\" style=\"text-align: justify;\"><span style=\"color: #ff0000;\"><em><strong>\u00bfDesde cu\u00e1ndo escrib\u00eds y cuales dir\u00edas que son tus referentes?<\/strong><\/em><\/span><\/p>\n\n\n\n<p class=\"has-medium-font-size\" style=\"text-align: justify;\"><span style=\"text-decoration: underline;\"><strong>Daniel:<\/strong><\/span> M\u00e1s o menos, desde el a\u00f1o dos mil, aunque hab\u00eda tenido una experiencia previa cerca del final de la primaria. Unos de los primeros libros que m\u00e1s me impactaron fueron los de \u201cElije tu propia aventura\u201d. Ese narrador en segunda persona y la posibilidad de escoger entre dos opciones, me pareci\u00f3 espectacular. Tanto que, en s\u00e9ptimo grado, escrib\u00ed a mano dos libros muy cortos de ese estilo y los compart\u00ed con mis compa\u00f1eros de clase.<\/p>\n\n\n\n<p class=\"has-medium-font-size\" style=\"text-align: justify;\">M\u00e1s de grande, me cautivaron Roberto Fontanarrosa, Eduardo Sacheri, Julio Cort\u00e1zar, Horacio Quiroga, por nombrar s\u00f3lo a algunos.<\/p>\n\n\n\n<p class=\"has-medium-font-size\" style=\"text-align: justify;\"><span style=\"color: #ff0000;\"><em><strong>\u00bfCu\u00e1les son los temas que te gusta abordar en tus obras?<\/strong><\/em><\/span><\/p>\n\n\n\n<p class=\"has-medium-font-size\" style=\"text-align: justify;\"><span style=\"text-decoration: underline;\"><em><strong>Daniel:<\/strong> <\/em><\/span>Empec\u00e9 escribiendo cuentos de f\u00fatbol. Hab\u00eda encontrado ah\u00ed un espacio en el que pod\u00eda combinar mi amor por ese deporte con otros temas como la amistad, la traici\u00f3n, la aventura, el suspenso. Despu\u00e9s, cuando fui ampliando mi universo de lecturas, me di cuenta de que me gustaba mucho la atm\u00f3sfera oscura de Edgar Allan Poe. Tengo el recuerdo de haberme sentido intrigado por Poe gracias a los Simpson. A mediados de los noventa, sacaron dos cap\u00edtulos en los que se hac\u00eda referencia al poema \u201cEl cuervo\u201d y a \u201cEl coraz\u00f3n delator\u201d. Me parecieron argumentos fant\u00e1sticos, y me compr\u00e9 un libro con sus mejores obras para leerlos.<\/p>\n\n\n\n<p class=\"has-medium-font-size\" style=\"text-align: justify;\">A partir de ah\u00ed, profundic\u00e9 un poco m\u00e1s en el g\u00e9nero negro. Me fascinaron mucho los policiales de Agatha Christie. Despu\u00e9s, conoc\u00ed a Sidney Sheldon, Stephen King, John Grisham, John Katzenbach. Hace poco descubr\u00ed a Jo Nesbo. Y me volv\u00ed muy fan\u00e1tico del alem\u00e1n Sebastian Fitzek. En cuanto a autores nacionales, me encantan Sergio Olgu\u00edn, Guillermo Mart\u00ednez, Claudia Pi\u00f1eiro y Mariana Enr\u00edquez, a qui\u00e9n descubr\u00ed hace poco y estoy leyendo. Me encanta leerlos y ver c\u00f3mo resuelven situaciones de una manera distinta y mejor de lo que se me hubiese ocurrido a m\u00ed. Los leo para aprender. Y para motivarme.&nbsp; &nbsp;<\/p>\n\n\n\n<blockquote class=\"wp-block-quote has-medium-font-size is-layout-flow wp-block-quote-is-layout-flow\">\n<blockquote class=\"wp-block-quote is-layout-flow wp-block-quote-is-layout-flow\" style=\"font-style:normal;font-weight:600\">\n<p><em><strong>Todos estos autores me influenciaron para escribir sobre temas m\u00e1s densos, por lo que me lanc\u00e9 a desarrollar novelas de suspense, thrillers psicol\u00f3gicos, policiales. Y tambi\u00e9n trato de volcarlo en algunos de mis cuentos.<\/strong><\/em><\/p>\n<\/blockquote>\n<\/blockquote>\n\n\n\n<div style=\"height:31px\" aria-hidden=\"true\" class=\"wp-block-spacer\"><\/div>\n\n\n<div class=\"wp-block-image\">\n<figure class=\"aligncenter size-large is-resized\"><img loading=\"lazy\" decoding=\"async\" src=\"https:\/\/criticanoespecializada.com.ar\/wp-content\/uploads\/2023\/08\/WhatsApp-Image-2023-08-20-at-17.45.13-769x1024.jpeg\" alt=\"\" class=\"wp-image-5043\" style=\"width:619px;height:824px\" width=\"619\" height=\"824\" title=\"\" srcset=\"https:\/\/criticanoespecializada.com.ar\/wp-content\/uploads\/2023\/08\/WhatsApp-Image-2023-08-20-at-17.45.13-769x1024.jpeg 769w, https:\/\/criticanoespecializada.com.ar\/wp-content\/uploads\/2023\/08\/WhatsApp-Image-2023-08-20-at-17.45.13-225x300.jpeg 225w, https:\/\/criticanoespecializada.com.ar\/wp-content\/uploads\/2023\/08\/WhatsApp-Image-2023-08-20-at-17.45.13-768x1023.jpeg 768w, https:\/\/criticanoespecializada.com.ar\/wp-content\/uploads\/2023\/08\/WhatsApp-Image-2023-08-20-at-17.45.13-1153x1536.jpeg 1153w, https:\/\/criticanoespecializada.com.ar\/wp-content\/uploads\/2023\/08\/WhatsApp-Image-2023-08-20-at-17.45.13-9x12.jpeg 9w, https:\/\/criticanoespecializada.com.ar\/wp-content\/uploads\/2023\/08\/WhatsApp-Image-2023-08-20-at-17.45.13.jpeg 1201w\" sizes=\"auto, (max-width: 619px) 100vw, 619px\" \/><figcaption class=\"wp-element-caption\"><strong><em>La cabala &#8211; Libro de Daniel Iba\u00f1a<\/em><\/strong><\/figcaption><\/figure>\n<\/div>\n\n\n<p class=\"has-medium-font-size\" style=\"text-align: justify;\"><span style=\"color: #ff0000;\"><strong><em>\u00bfPor qu\u00e9 escrib\u00eds? \u00bfSent\u00eds que la literatura tiene un fin?<\/em><\/strong><\/span><\/p>\n\n\n\n<p class=\"has-medium-font-size\" style=\"text-align: justify;\"><span style=\"text-decoration: underline;\"><strong>Daniel:<\/strong><\/span> No s\u00e9. Una vez le\u00ed una frase que dec\u00eda algo parecido a que <a href=\"https:\/\/criticanoespecializada.com.ar\/en\/por-que-escribimos\/\">se escribe para que la muerte no tenga la \u00faltima palabra<\/a>. Tambi\u00e9n escuch\u00e9 que Eduardo Sacheri dijo que escrib\u00eda para poder dormir. Yo creo que si no escribiese, me volver\u00eda loco. Se me amontonan las historias en la cabeza, y las tengo que sacar, como si me exorcizara de esos personajes y de sus conflictos. Adem\u00e1s, me gusta. Creo que la ra\u00edz de todo es el placer. Nadie nos obliga a escribir, mucho menos a quienes no vivimos de esto. Yo, por ejemplo, no tengo ninguna presi\u00f3n para hacerlo, ni de una editorial, ni de mi entorno. Es una presi\u00f3n propia, m\u00eda, casi una obsesi\u00f3n. Me gusta y lo tengo que hacer. Y lo quiero hacer bien, lo mejor posible, y siempre busco c\u00f3mo mejorar, c\u00f3mo crear personajes m\u00e1s reales, atm\u00f3sferas m\u00e1s convincentes, elegir un mejor narrador.<\/p>\n\n\n\n<p class=\"has-medium-font-size\" style=\"text-align: justify;\">En cuanto al fin de la literatura, creo que, como escritor, es el reconocimiento del otro. Que alguien te lea y diga, \u00abche, est\u00e1 buena esta historia\u00bb, sin importar en qu\u00e9 momento lo diga, lo que trae aparejado el hecho de trascender, de dejar un legado. Y como lector, no le veo m\u00e1s fin que el entretenimiento. Aprender, si es un libro de historia, de econom\u00eda u otro tema educativo. Yo quiero leer algo que me gusta, que est\u00e9 bien escrito, que me haga preguntar qu\u00e9 va a pasar ahora.<\/p>\n\n\n\n<p class=\"has-medium-font-size\" style=\"text-align: justify;\"><span style=\"color: #ff0000;\"><em><strong>\u00bfC\u00f3mo ves el panorama para los nuevos autores y los autores independientes?<\/strong><\/em><\/span><\/p>\n\n\n\n<p class=\"has-medium-font-size\" style=\"text-align: justify;\"><span style=\"text-decoration: underline;\"><strong>Daniel:<\/strong><\/span> Desde un punto de vista profesional, es muy dif\u00edcil. Todos sabemos que las editoriales tratan de ir a lo seguro y publicar autores reconocidos. No los culpo. Son empresas y quieren ganar plata. Creo que el avance de la tecnolog\u00eda permiti\u00f3 que mucha m\u00e1s gente se largara a escribir y a acercar manuscritos a las editoriales, lo que satura el mercado y lo hace todav\u00eda m\u00e1s dif\u00edcil. Lo favorable es que el autor nuevo que se publica tiene que ser, por l\u00f3gica, muy bueno; aunque esto no signifique que nos va a gustar a todos, por supuesto.<\/p>\n\n\n\n<p class=\"has-medium-font-size\" style=\"text-align: justify;\">Por otro lado, la tecnolog\u00eda tambi\u00e9n permite que el propio autor se d\u00e9 a conocer con una p\u00e1gina propia, un blog, un perfil en alguna red social. El abanico se abre para los dos lados. Adem\u00e1s, facilita much\u00edsimo la documentaci\u00f3n al momento de planificar. Hoy, si quiero conocer un detalle sobre lo que sea, casi seguro lo puedo encontrar en internet. Hace veinte o treinta a\u00f1os, hab\u00eda que ir a una biblioteca o buscar a un especialista en el tema para preguntarle y tomar nota. Esa es una ventaja absoluta. El ahorro de tiempo y dinero que permite es inimaginable.<\/p>\n\n\n\n<div style=\"height:31px\" aria-hidden=\"true\" class=\"wp-block-spacer\"><\/div>\n\n\n\n<div class=\"wp-block-cover aligncenter is-light\"><span aria-hidden=\"true\" class=\"wp-block-cover__background has-background-dim\"><\/span><img loading=\"lazy\" decoding=\"async\" width=\"919\" height=\"1024\" class=\"wp-block-cover__image-background wp-image-5041\" alt=\"\" src=\"https:\/\/criticanoespecializada.com.ar\/wp-content\/uploads\/2023\/08\/WhatsApp-Image-2023-08-15-at-14.25.40-1-919x1024.jpeg\" style=\"object-position:46% 60%\" data-object-fit=\"cover\" data-object-position=\"46% 60%\" title=\"\" srcset=\"https:\/\/criticanoespecializada.com.ar\/wp-content\/uploads\/2023\/08\/WhatsApp-Image-2023-08-15-at-14.25.40-1-919x1024.jpeg 919w, https:\/\/criticanoespecializada.com.ar\/wp-content\/uploads\/2023\/08\/WhatsApp-Image-2023-08-15-at-14.25.40-1-269x300.jpeg 269w, https:\/\/criticanoespecializada.com.ar\/wp-content\/uploads\/2023\/08\/WhatsApp-Image-2023-08-15-at-14.25.40-1-768x855.jpeg 768w, https:\/\/criticanoespecializada.com.ar\/wp-content\/uploads\/2023\/08\/WhatsApp-Image-2023-08-15-at-14.25.40-1-11x12.jpeg 11w, https:\/\/criticanoespecializada.com.ar\/wp-content\/uploads\/2023\/08\/WhatsApp-Image-2023-08-15-at-14.25.40-1.jpeg 1071w\" sizes=\"auto, (max-width: 919px) 100vw, 919px\" \/><div class=\"wp-block-cover__inner-container is-layout-flow wp-block-cover-is-layout-flow\">\n<p class=\"has-white-color has-text-color has-medium-font-size\"><strong>Lo \u00fanico que me preocupa un poco es el avance de las inteligencias artificiales en este sentido. Ya se demostr\u00f3 que muchas pueden escribir, no s\u00f3lo argumentos, planificaciones de novelas y fichas de personajes, sino tambi\u00e9n libros enteros. Guiones, cuentos, novelas; de cualquier g\u00e9nero y en el tono que se elija. <\/strong>&nbsp;<\/p>\n<\/div><\/div>\n\n\n\n<blockquote class=\"wp-block-quote\"><\/blockquote>\n\n\n\n<p class=\"has-medium-font-size\" style=\"text-align: justify;\"><span style=\"color: #ff0000;\"><strong><em>\u00bfC\u00f3mo surgi\u00f3 el cuento con el que ganaste el certamen: \u201cLos usos del bistur\u00ed\u201d?<\/em><\/strong><\/span><\/p>\n\n\n\n<p class=\"has-medium-font-size\" style=\"text-align: justify;\"><span style=\"text-decoration: underline;\"><strong>Daniel:<\/strong><\/span> Se me ocurri\u00f3 trabajando. Soy radi\u00f3logo, trabajo en el hospital Garrahan, y muchas veces damos radioscop\u00eda en quir\u00f3fano. Un d\u00eda, en plena intervenci\u00f3n, mientras esperaba con el equipo de rayos X, se me ocurri\u00f3 pensar qu\u00e9 pasar\u00eda si el cirujano se olvidara de lo que tiene que hacer, de c\u00f3mo se opera, de aspectos claves de la anatom\u00eda y fisiolog\u00eda. Y esto, a su vez, surgi\u00f3 como un cuestionamiento a las guardias de doce y veinticuatro horas, en las que me pregunt\u00e9 varias veces hasta qu\u00e9 punto se puede rendir durmiendo mal y poco.<\/p>\n\n\n\n<p class=\"has-medium-font-size\" style=\"text-align: justify;\"><span style=\"color: #ff0000;\"><em><strong>\u00bfQu\u00e9 proyectos a futuro ten\u00e9s como escritor?<\/strong><\/em><\/span><\/p>\n\n\n\n<p class=\"has-medium-font-size\" style=\"text-align: justify;\"><em><strong>Daniel:<\/strong> <\/em>Ganar el Premio Nobel y hacerme millonario. No, mentira. Tengo la fantas\u00eda de que me acepte una editorial tradicional, me publique y recibir, cada tanto, las regal\u00edas de los libros vendidos. No lo voy negar. S\u00e9 que en el ambiente quiz\u00e1s no est\u00e1 del todo bien visto reconocerlo.<\/p>\n\n\n\n<p class=\"has-medium-font-size\" style=\"text-align: justify;\">Pero tambi\u00e9n me seduce mucho la idea de la aceptaci\u00f3n y el reconocimiento del lector, m\u00e1s all\u00e1 del aspecto econ\u00f3mico. Sue\u00f1o con que, en una charla sobre libros y novelas de suspenso, alguien se atreva a decir mi nombre junto a los de los grandes autores que existen.<\/p>\n\n\n\n<div style=\"height:24px\" aria-hidden=\"true\" class=\"wp-block-spacer\"><\/div>\n\n\n\n<div style=\"height:30px\" aria-hidden=\"true\" class=\"wp-block-spacer\"><\/div>\n\n\n\n<p style=\"font-size: 22px; text-align: justify;\"><span style=\"text-decoration: underline; color: #ff0000;\"><strong>el cuento ganador de Daniel Iba\u00f1a:<\/strong><\/span><\/p>\n\n\n\n<div style=\"height:41px\" aria-hidden=\"true\" class=\"wp-block-spacer\"><\/div>\n\n\n\n<p class=\"has-medium-font-size\" style=\"text-align: center;\"><span style=\"text-decoration: underline;\"><strong>Los usos del bistur\u00ed<\/strong><\/span><\/p>\n\n\n\n<p class=\"has-medium-font-size\" style=\"text-align: justify;\">Se olvid\u00f3 de todo. Acaba de notarlo, justo en este momento crucial de la ma\u00f1ana. De todo no, en realidad. Pero s\u00ed de lo importante. De lo que necesita ahora mismo, bajo estas luces p\u00e1lidas, mientras mueve los dedos enguantados como si tamborileara en el aire.<br>Es capaz de sentir el calor de las miradas, lo que empeora la situaci\u00f3n. Las miradas del residente de cuarto a\u00f1o, del residente de primero, de la instrumentadora. El anestesi\u00f3logo, gracias a dios, est\u00e1 entretenido con los monitores de signos vitales. Miradas que le exigen hacer la incisi\u00f3n en un lugar y de un modo que no recuerda.<br>Tiene que hacerse un chequeo. Si le est\u00e1 pasando algo a nivel neurol\u00f3gico, es imprescindible detectarlo cuanto antes. Mueve los pies, las manos, los ojos; cuenta hasta cinco en un susurro.<br>Todo parece estar bien. No se siente mareado. Recuerda su nombre. Y su domicilio. Recuerda sus veintisiete a\u00f1os de experiencia como cirujano general. Las guardias en el Hospital Penna. La d\u00e9cada de trabajo en la Cl\u00ednica Le France. Las miles de intervenciones quir\u00fargicas en el sanatorio Quintana, en el que est\u00e1 ahora, con el bistur\u00ed en la mano, con la mirada sobre el abdomen del paciente. Es el cansancio. Claro, \u00bfqu\u00e9 otra cosa podr\u00eda ser? Est\u00e1 cansado. Es eso. Tiene que seguir como si nada y seguramente todos sus conocimientos saldr\u00e1n a flote de repente. Es solo cortar, abrir, sacar la ves\u00edcula, y listo. Eso es todo. El residente se encargar\u00e1 de la sutura. Una cirug\u00eda de rutina, como las m\u00e1s de ciento cincuenta que realiz\u00f3 en los \u00faltimos seis meses. Pero falta algo.<br>Tiene la certeza de que hay un espacio vac\u00edo, como una sonrisa a la que se le cay\u00f3 una pieza dental. Acerca el bistur\u00ed a la piel del paciente, y piensa. Piensa, suspira y se le infla el barbijo. La instrumentadora le pregunta si se encuentra bien. Le responde que s\u00ed, sin darle explicaciones.<br>El residente de cuarto a\u00f1o, a su derecha, quiere saber si necesita que acomode la luz. Niega con la cabeza. El de primero no dice nada. Se limita a mirar, como si estuviese viendo todo desde una pantalla, en otra parte del mundo. Como corresponde.<br>Percibe que su ritmo respiratorio comienza a acelerarse, y se esfuerza por controlarlo. Es algo vital, piensa. Respirar, oxigenar el cerebro, mantener la calma. Porque no es la primera vez que le ocurre, y supone que no ser\u00e1 la \u00faltima. En sus a\u00f1os de estudiante sol\u00eda sucederle. Lagunas. Lagunas kilom\u00e9tricas. Lagunas de dimensiones oce\u00e1nicas que aparec\u00edan en los momentos de rendir algunos de los cientos de ex\u00e1menes. Nombres y definiciones que se evaporaban.<br>T\u00e9rminos que pod\u00eda vislumbrar como detr\u00e1s de una cortina de humo blanco, pero que no<br>alcanza a ver con la claridad necesaria para articular las palabras y responder. Es un exceso de cortisol, se dice. Cortisol. Claro. No es una hormona mala, como muchos charlatanes procuran afirman. La estigmatizan. La deshonran, le lanzan acusaciones exageradas. Es verdad que se trata de una hormona que se libera en situaciones de estr\u00e9s, pero tambi\u00e9n es cierto que gracias a ella el ser humano pudo sobrevivir desde su aparici\u00f3n como especie hasta hoy. Sin ella, el organismo no estar\u00eda preparado para atacar o para defenderse. Los m\u00fasculos no recibir\u00edan una dosis repentina de energ\u00eda. No habr\u00eda fuerza, impulso ni instinto de supervivencia.<br>Lo que puede ser perjudicial, reflexiona el cirujano, es el exceso. Un nivel de cortisol alto, de manera constante, puede derivar en resultados catastr\u00f3ficos. Los recuerda. Como en una iron\u00eda de su propio cuerpo, podr\u00eda recitarlos: dificultad para dormir, falta de concentraci\u00f3n y, por supuesto, p\u00e9rdida de memoria.<br>Traga saliva y siente la garganta seca. La clave est\u00e1 en la relajaci\u00f3n. Piensa en eso, y lo repite. \u00abTranquilo. Calmate. Respir\u00e1\u00bb. Es la \u00fanica maniobra a la que tiene acceso mientras se encuentre de pie, bajo el halo de una luz blanca y potente, con un bistur\u00ed en la mano. Porque, de otra manera, podr\u00eda acceder a medicamentos que inhiban los efectos de la hormona. Medicamentos de los que no recuerda el nombre, ni la marca, ni la droga activa; y por m\u00e1s que se concentre y haga fuerza, su mente es cuaderno sin hojas, una computadora apagada, un engranaje con los dientes rotos. Se da cuenta de lo in\u00fatil de su esfuerzo. Ahora no es importante ese dato, porque aunque los tuviese y los tomara, es demasiado tarde. Necesitar\u00eda darles tiempo para act\u00faen, y no lo tiene.<br>Hace un movimiento corto con la cabeza. Tiene que enfocarse en lo suyo. En el paciente, \u00bfen qu\u00e9 otra cosa? \u00bfEn la mirada sorprendida de la instrumentadora? \u00bfEn el silencio de los residentes? \u00bfEn las muecas y los gestos fastidiosos del anestesi\u00f3logo? Siempre est\u00e1n apurados. Y los comprende. Si \u00e9l fuese el responsable de provocar un coma inducido y de constatar a cada segundo los signos vitales de esa persona, tambi\u00e9n querr\u00eda que la intervenci\u00f3n fuese lo m\u00e1s corta posible.<br>Puede sentir sus ojos. Y puede escuchar, o tal vez imagina, los insultos que le lanza por la<br>demora. Por una demora injustificada. Por una demora que no podr\u00eda explicar, que no puede ni siquiera reconocer. Es una eminencia en su \u00e1rea. Un referente de la cirug\u00eda general. No puede concebir las dimensiones de lo indigno que ser\u00eda aceptar que olvid\u00f3 los procedimientos de su trabajo. Algo que le costar\u00eda no s\u00f3lo la matr\u00edcula y los comentarios bochornosos de alumnos y colegas, sino tambi\u00e9n el sentimiento de l\u00e1stima que provocar\u00eda en unos cuantos.<br>\u00abPobre doctor. Est\u00e1 grande. Est\u00e1 viejo. Est\u00e1 cansado\u00bb.<br>\u00abQu\u00e9 feo terminar as\u00ed, chapoteando en el olvido\u00bb.<br>\u00abUna l\u00e1stima que no se hubiese jubilado antes de cometer semejante papel\u00f3n\u00bb.<br>Pero, \u00bfes posible olvidar c\u00f3mo se realiza una cirug\u00eda? Ni siquiera recuerda el t\u00e9rmino exacto de la intervenci\u00f3n que deber\u00eda estar llevando a cabo. Porque no es as\u00ed nom\u00e1s. No es solo cortar y sacar y listo. Hay un procedimiento. Hay protocolos. Una manera clara y precisa de consumarlo. Alguien pregunta qu\u00e9 pone en el parte m\u00e9dico. Levanta la vista; es una instrumentadora circulante, sentada frente a la computadora en el rinc\u00f3n m\u00e1s alejado. El residente de su derecha le responde que es una colecistectom\u00eda. Eso. Ah\u00ed est\u00e1 la definici\u00f3n que buscaba. Un paciente con litiasis biliar que podr\u00e1 seguir con su vida despu\u00e9s de la operaci\u00f3n. Un paciente que, adem\u00e1s, es hipertenso. Y que tiene el colesterol alto. Todo eso recuerda. Datos que ahora mismo, metido en ropas est\u00e9riles, no le sirven de nada. Pero son datos a los que toma como una esperanza. Se aferra a la idea de que son el inicio de su compostura. Como los brotes que aparecen en un campo que parec\u00eda muerto por el calor y la falta de riego. Y conf\u00eda. Conf\u00eda en que el resto de la informaci\u00f3n aparecer\u00e1 de repente, como fotogramas que pasan cada vez a mayor velocidad. Conf\u00eda en que, sea lo que sea, est\u00e1 desapareciendo. Un episodio psiqui\u00e1trico, una isquemia cerebral, una consecuencia de las d\u00e9cadas de guardias eternas sin dormir, entregado a la medicina. Espera. En silencio e inm\u00f3vil. Rodeado de miradas, con la espalda humedecida, con los guantes transparentados por el sudor.<br>Pero no sucede nada. Sigue en blanco. Con la mirada sobre el abdomen del paciente. Un<br>peque\u00f1o rect\u00e1ngulo de piel que se asoma entre s\u00e1banas est\u00e9riles, en el que tiene que enterrar el bistur\u00ed y hacer un corte, un tajo que le permita acceder al \u00f3rgano, pero no tiene m\u00e1s certezas. Como si nunca lo hubiese hecho. Como si jam\u00e1s en su vida hubiese pisado un quir\u00f3fano. Y encima el residente de cuarto a\u00f1o le pregunta si quiere que se encargue \u00e9l. No. Le responde que no. Claro que no. Como si se estuviera mofando. Como si de alguna manera supiese lo que le ocurre y se burlara con esa pregunta socarrona.<br>Lo atraviesa un recuerdo. Algo lejano, de unos tres a\u00f1os atr\u00e1s. Una charla. Una charla en la que el residente que est\u00e1 a su derecha le dijo algo extra\u00f1o, y no le hab\u00eda dado importancia: Que, si pudiese, le absorber\u00eda todos sus conocimientos.<br>Le hab\u00eda parecido gracioso. Incluso lo tom\u00f3 como un intento de adulaci\u00f3n, la t\u00edpica maniobra del que busca destacarse por medio de la obsecuencia. Pero ahora lo comprende. Claro, ahora, cuando es demasiado tarde; cuando est\u00e1 trabajando, cuando est\u00e1 rodeado de otros profesionales que lo miran con extra\u00f1eza, cuando necesita que sus manos se muevan con la naturalidad de quien hace las cosas sin tener que pensarlo.<br>Lo mira de reojo, y descubre que el residente tambi\u00e9n lo est\u00e1 mirando. Detecta un brillo extra\u00f1o en sus pupilas. Como si los ojos sonrieran. Como si tuviesen la capacidad soltar una sonrisa triunfadora. Una sonrisa inquietante, cargada de soberbia.<br>Entonces, decide que no le quedan m\u00e1s opciones. Tiene que recuperar todo lo que sab\u00eda, todo el conocimiento que le robaron de alguna manera que no logra comprender. Esa parte de la memoria que le falta. Porque hay un paciente anestesiado con el que tiene una deuda \u00e9tica. Y otros profesionales de la salud que esperan en silencio. Y el anestesista, que chasquea la lengua y resopla. Por eso mueve la mano. Aunque no quiera hacerlo, aunque sus principios morales intenten detenerlo, abre los dedos. Abre los dedos y, con un movimiento veloz, acomoda el bistur\u00ed. Es la \u00fanica manera, se dice a s\u00ed mismo. Ojal\u00e1 hubiese otro modo de recuperar lo suyo, pero est\u00e1 convencido de que no lo hay. Y entrecierra los ojos. No sabe si por la furia o por el miedo o por la frustraci\u00f3n. Pero se ve obligado. Y lo lamenta. Lo lamenta porque no es su culpa, porque es una v\u00edctima. Cierra la mano alrededor del mango met\u00e1lico como si fuese un artesano que empu\u00f1a un cincel. Porque el bistur\u00ed, adem\u00e1s de ser una herramienta quir\u00fargica, tambi\u00e9n puede ser un arma. Un arma que necesita con desesperaci\u00f3n.<\/p>\n\n\n\n<p class=\"has-text-align-right\" style=\"font-size:22px\">M\u00e1s notas de Ezequiel <a href=\"https:\/\/criticanoespecializada.com.ar\/en\/category\/literatura\/\">aqu\u00ed<\/a><\/p>","protected":false},"excerpt":{"rendered":"<p>Daniel Iba\u00f1a es el ganador del primer premio literario Petricor organizado por la revista. Conversamos con el autor para conocerlo m\u00e1s y compartimos el cuento con el que se llev\u00f3 el primer premio del certamen, &#8220;Los usos del bistur\u00ed&#8221;. <\/p>","protected":false},"author":14,"featured_media":5028,"comment_status":"open","ping_status":"open","sticky":false,"template":"","format":"standard","meta":{"googlesitekit_rrm_CAownYrbCw:productID":"","footnotes":""},"categories":[52],"tags":[384,782,784,339,785,242,270,646],"class_list":["post-5025","post","type-post","status-publish","format-standard","has-post-thumbnail","hentry","category-literatura","tag-concurso-literario","tag-daniel-ibana","tag-editorial-petricor","tag-editoriales","tag-julian-contreras","tag-libros","tag-literatura","tag-premio-literario"],"aioseo_notices":[],"_links":{"self":[{"href":"https:\/\/criticanoespecializada.com.ar\/en\/wp-json\/wp\/v2\/posts\/5025","targetHints":{"allow":["GET"]}}],"collection":[{"href":"https:\/\/criticanoespecializada.com.ar\/en\/wp-json\/wp\/v2\/posts"}],"about":[{"href":"https:\/\/criticanoespecializada.com.ar\/en\/wp-json\/wp\/v2\/types\/post"}],"author":[{"embeddable":true,"href":"https:\/\/criticanoespecializada.com.ar\/en\/wp-json\/wp\/v2\/users\/14"}],"replies":[{"embeddable":true,"href":"https:\/\/criticanoespecializada.com.ar\/en\/wp-json\/wp\/v2\/comments?post=5025"}],"version-history":[{"count":4,"href":"https:\/\/criticanoespecializada.com.ar\/en\/wp-json\/wp\/v2\/posts\/5025\/revisions"}],"predecessor-version":[{"id":5048,"href":"https:\/\/criticanoespecializada.com.ar\/en\/wp-json\/wp\/v2\/posts\/5025\/revisions\/5048"}],"wp:featuredmedia":[{"embeddable":true,"href":"https:\/\/criticanoespecializada.com.ar\/en\/wp-json\/wp\/v2\/media\/5028"}],"wp:attachment":[{"href":"https:\/\/criticanoespecializada.com.ar\/en\/wp-json\/wp\/v2\/media?parent=5025"}],"wp:term":[{"taxonomy":"category","embeddable":true,"href":"https:\/\/criticanoespecializada.com.ar\/en\/wp-json\/wp\/v2\/categories?post=5025"},{"taxonomy":"post_tag","embeddable":true,"href":"https:\/\/criticanoespecializada.com.ar\/en\/wp-json\/wp\/v2\/tags?post=5025"}],"curies":[{"name":"wp","href":"https:\/\/api.w.org\/{rel}","templated":true}]}}