{"id":5415,"date":"2023-11-16T08:46:19","date_gmt":"2023-11-16T11:46:19","guid":{"rendered":"https:\/\/criticanoespecializada.com.ar\/?p=5415"},"modified":"2023-11-16T16:08:48","modified_gmt":"2023-11-16T19:08:48","slug":"los-juegos-del-hambre-la-balada-de-los-pajaros-cantores-y-serpientes","status":"publish","type":"post","link":"https:\/\/criticanoespecializada.com.ar\/en\/los-juegos-del-hambre-la-balada-de-los-pajaros-cantores-y-serpientes\/","title":{"rendered":"Los Juegos del Hambre: La balada de los P\u00e1jaros Cantores y Serpientes (Francis Lawrence)"},"content":{"rendered":"<div class=\"wp-block-image\">\n<figure class=\"aligncenter size-full is-resized\"><img loading=\"lazy\" decoding=\"async\" width=\"1707\" height=\"2560\" src=\"https:\/\/criticanoespecializada.com.ar\/wp-content\/uploads\/2023\/11\/eaiUgabhNozGGmBb1wlUybWoBoQ-scaled.jpg\" alt=\"\" class=\"wp-image-5416\" style=\"aspect-ratio:0.699928893102631;width:521px;height:auto\" title=\"\" srcset=\"https:\/\/criticanoespecializada.com.ar\/wp-content\/uploads\/2023\/11\/eaiUgabhNozGGmBb1wlUybWoBoQ-scaled.jpg 1707w, https:\/\/criticanoespecializada.com.ar\/wp-content\/uploads\/2023\/11\/eaiUgabhNozGGmBb1wlUybWoBoQ-200x300.jpg 200w, https:\/\/criticanoespecializada.com.ar\/wp-content\/uploads\/2023\/11\/eaiUgabhNozGGmBb1wlUybWoBoQ-683x1024.jpg 683w, https:\/\/criticanoespecializada.com.ar\/wp-content\/uploads\/2023\/11\/eaiUgabhNozGGmBb1wlUybWoBoQ-768x1152.jpg 768w, https:\/\/criticanoespecializada.com.ar\/wp-content\/uploads\/2023\/11\/eaiUgabhNozGGmBb1wlUybWoBoQ-1024x1536.jpg 1024w, https:\/\/criticanoespecializada.com.ar\/wp-content\/uploads\/2023\/11\/eaiUgabhNozGGmBb1wlUybWoBoQ-1365x2048.jpg 1365w, https:\/\/criticanoespecializada.com.ar\/wp-content\/uploads\/2023\/11\/eaiUgabhNozGGmBb1wlUybWoBoQ-8x12.jpg 8w\" sizes=\"auto, (max-width: 1707px) 100vw, 1707px\" \/><\/figure>\n<\/div>\n\n\n<h2 class=\"wp-block-heading has-text-align-center\">Rese\u00f1a:<\/h2>\n\n\n\n<p>Antes que nada se debe mencionar el nombre de Francis Lawrence, un gran director que lleva peliculones en su espalda como &#8220;Soy leyenda&#8221; y es el director por excelencia a dirigir las pel\u00edculas de &#8220;Los juegos del hambre&#8221; a partir del segundo film. Mientras estoy a la espera de &#8220;Constantine 2&#8221;, si, el dirigi\u00f3 la primera.<\/p>\n\n\n\n<p>Pero si nos metemos en lo que son adaptaciones y sobre libros, no existe un reconocimiento mas exitoso que &#8220;Los Juegos del hambre&#8221;, siempre con sus diferencias a comparaci\u00f3n al material original, pero con resultados sumamente satisfactorios. <\/p>\n\n\n\n<p>Sumergirnos otra vez en el mundo de una historia ya contada puede llegar a ser estresante y cansino, aunque el enfoque por el cual es llevado el espectador hace que las dos horas y media de pelicula pasen r\u00e1pido. Hab\u00eda muchas preguntas en referencia a como se mostrar\u00eda el resultado final y mas de uno no saldr\u00eda decepcionado, te pueden gustar o no estas pel\u00edculas, pero nunca al punto de creer que gastaste tu dinero en vano, esta pelicula esta hecha para cines y se nota, en lo visual todo esta bien representado.<\/p>\n\n\n<div class=\"wp-block-image\">\n<figure class=\"aligncenter size-large is-resized\"><img loading=\"lazy\" decoding=\"async\" width=\"1024\" height=\"576\" src=\"https:\/\/criticanoespecializada.com.ar\/wp-content\/uploads\/2023\/11\/fVG5nlX2LmvMW3efYT5r9eBFP9X-1024x576.jpg\" alt=\"\" class=\"wp-image-5417\" style=\"aspect-ratio:1.7777777777777777;width:585px;height:auto\" title=\"\" srcset=\"https:\/\/criticanoespecializada.com.ar\/wp-content\/uploads\/2023\/11\/fVG5nlX2LmvMW3efYT5r9eBFP9X-1024x576.jpg 1024w, https:\/\/criticanoespecializada.com.ar\/wp-content\/uploads\/2023\/11\/fVG5nlX2LmvMW3efYT5r9eBFP9X-300x169.jpg 300w, https:\/\/criticanoespecializada.com.ar\/wp-content\/uploads\/2023\/11\/fVG5nlX2LmvMW3efYT5r9eBFP9X-768x432.jpg 768w, https:\/\/criticanoespecializada.com.ar\/wp-content\/uploads\/2023\/11\/fVG5nlX2LmvMW3efYT5r9eBFP9X-1536x864.jpg 1536w, https:\/\/criticanoespecializada.com.ar\/wp-content\/uploads\/2023\/11\/fVG5nlX2LmvMW3efYT5r9eBFP9X-2048x1152.jpg 2048w, https:\/\/criticanoespecializada.com.ar\/wp-content\/uploads\/2023\/11\/fVG5nlX2LmvMW3efYT5r9eBFP9X-18x10.jpg 18w\" sizes=\"auto, (max-width: 1024px) 100vw, 1024px\" \/><\/figure>\n<\/div>\n\n\n<p>Me sorprendieron que las actuaciones de Tom Blyth y Rachel Zegler estuvieran a la altura, interpretando personajes muy diferentes a las cuatro anteriores. Se puede sentir la qu\u00edmica y el desarrollo del argumento es redondo, no da lugar a una futura continuaci\u00f3n, cierra una historia de forma cuidada.<\/p>\n\n\n\n<p>La m\u00fasica esta presente en todo momento, Rachel Zegler se ponen en el protag\u00f3nico, la fuerza de su personaje cae en su actitud y determinaci\u00f3n mas que en la fuerza, eso se agradece de ver.<\/p>\n\n\n\n<p>Tom Blyth es una versi\u00f3n joven del personaje anteriormente interpretado por Donald Sutherland, al ser una pelicula del cual el argumento gira en torno a el, tiene la responsabilidad de que el publico se interese en sus actos y consecuencias.<\/p>\n\n\n\n<p>La fotograf\u00eda es magistral, el trabajo de Lawrence ya se hab\u00eda desarrollado en los entornos apocal\u00edpticos de anteriores pel\u00edculas, por lo tanto cada plano cuenta una historia y uno no puede apartar su mirada de la pantalla.<\/p>\n\n\n<div class=\"wp-block-image\">\n<figure class=\"aligncenter size-large is-resized\"><img loading=\"lazy\" decoding=\"async\" width=\"1024\" height=\"576\" src=\"https:\/\/criticanoespecializada.com.ar\/wp-content\/uploads\/2023\/11\/978WtYceURdCo61yLxmZFP7zzin-1024x576.jpg\" alt=\"\" class=\"wp-image-5418\" style=\"aspect-ratio:1.7777777777777777;width:588px;height:auto\" title=\"\" srcset=\"https:\/\/criticanoespecializada.com.ar\/wp-content\/uploads\/2023\/11\/978WtYceURdCo61yLxmZFP7zzin-1024x576.jpg 1024w, https:\/\/criticanoespecializada.com.ar\/wp-content\/uploads\/2023\/11\/978WtYceURdCo61yLxmZFP7zzin-300x169.jpg 300w, https:\/\/criticanoespecializada.com.ar\/wp-content\/uploads\/2023\/11\/978WtYceURdCo61yLxmZFP7zzin-768x432.jpg 768w, https:\/\/criticanoespecializada.com.ar\/wp-content\/uploads\/2023\/11\/978WtYceURdCo61yLxmZFP7zzin-1536x864.jpg 1536w, https:\/\/criticanoespecializada.com.ar\/wp-content\/uploads\/2023\/11\/978WtYceURdCo61yLxmZFP7zzin-2048x1152.jpg 2048w, https:\/\/criticanoespecializada.com.ar\/wp-content\/uploads\/2023\/11\/978WtYceURdCo61yLxmZFP7zzin-18x10.jpg 18w\" sizes=\"auto, (max-width: 1024px) 100vw, 1024px\" \/><\/figure>\n<\/div>\n\n\n<p>La violencia pasa a segundo plano y las personas que puedan impresionarse con la sangre pueden verla tranquilos, todo est\u00e1 bien cuidado, se muestra lo justo y necesario.<\/p>\n\n\n\n<p>Aqu\u00ed tienes una excelente elecci\u00f3n si amas la saga de libros y sus pel\u00edculas, el tiempo pasara r\u00e1pido y la experiencia ser\u00e1 satisfactoria. Es mas, si tienes la posibilidad de revisitar la saga empezando por ver esta, hazlo.<\/p>\n\n\n\n<h2 class=\"wp-block-heading has-text-align-center\">VALIDACI\u00d3N: B+<\/h2>\n\n\n<div class=\"wp-block-image\">\n<figure class=\"aligncenter size-large is-resized\"><img loading=\"lazy\" decoding=\"async\" width=\"1024\" height=\"576\" src=\"https:\/\/criticanoespecializada.com.ar\/wp-content\/uploads\/2023\/11\/hcbtsgvEjBrsqtzvG9uwdJAxBCZ-1024x576.jpg\" alt=\"\" class=\"wp-image-5419\" style=\"aspect-ratio:1.7777777777777777;width:581px;height:auto\" title=\"\" srcset=\"https:\/\/criticanoespecializada.com.ar\/wp-content\/uploads\/2023\/11\/hcbtsgvEjBrsqtzvG9uwdJAxBCZ-1024x576.jpg 1024w, https:\/\/criticanoespecializada.com.ar\/wp-content\/uploads\/2023\/11\/hcbtsgvEjBrsqtzvG9uwdJAxBCZ-300x169.jpg 300w, https:\/\/criticanoespecializada.com.ar\/wp-content\/uploads\/2023\/11\/hcbtsgvEjBrsqtzvG9uwdJAxBCZ-768x432.jpg 768w, https:\/\/criticanoespecializada.com.ar\/wp-content\/uploads\/2023\/11\/hcbtsgvEjBrsqtzvG9uwdJAxBCZ-1536x864.jpg 1536w, https:\/\/criticanoespecializada.com.ar\/wp-content\/uploads\/2023\/11\/hcbtsgvEjBrsqtzvG9uwdJAxBCZ-2048x1152.jpg 2048w, https:\/\/criticanoespecializada.com.ar\/wp-content\/uploads\/2023\/11\/hcbtsgvEjBrsqtzvG9uwdJAxBCZ-18x10.jpg 18w\" sizes=\"auto, (max-width: 1024px) 100vw, 1024px\" \/><\/figure>\n<\/div>\n\n\n<h2 class=\"wp-block-heading has-text-align-center\">Sinopsis:<\/h2>\n\n\n\n<p class=\"has-text-align-center\">Esta nueva entrega tiene a Coriolanus Snow como protagonista, pero a los 18 a\u00f1os de edad. El joven Coriolanus es atractivo y encantador y aunque la familia Snow pasa tiempos dif\u00edciles, ve la oportunidad de un cambio en su fortuna cuando es elegido como mentor de los 10\u00b0 Juegos del Hambre. Su euforia se desvanece cuando es asignado como mentor de una joven del empobrecido Distrito 12.<\/p>\n\n\n\n<h2 class=\"wp-block-heading has-text-align-center\">Ficha T\u00e9cnica:<\/h2>\n\n\n\n<p class=\"has-text-align-center\">Direcci\u00f3n: Francis Lawrence<br>Producci\u00f3n: Nina Jacobson<br>Guion: Michael Arndt y Michael Lesslie<br>Basada en Balada de p\u00e1jaros cantores y serpientes, de Suzanne Collins<br>M\u00fasica: James Newton Howard<br>Fotograf\u00eda: Jo Willems<br>Montaje: Mark Yoshikawa<br>Elenco: Tom Blyth, Rachel Zegler, Josh Andres Rivera, Hunter Schafer, Jason Schwartzman, Burn Gorman, Peter Dinklage y Viola Davis.<br>Productora: Color Force, Good Universe, Scholastic Entertainment<br>Distribuci\u00f3n Lionsgate, BF+Paris Films<\/p>\n\n\n\n<h2 class=\"wp-block-heading has-text-align-center\">Trailer:<\/h2>\n\n\n\n<figure class=\"wp-block-embed aligncenter is-type-video is-provider-youtube wp-block-embed-youtube wp-embed-aspect-16-9 wp-has-aspect-ratio\"><div class=\"wp-block-embed__wrapper\">\n<iframe loading=\"lazy\" title=\"Los Juegos del Hambre la Balada de p\u00e1jaros cantores y serpientes - Trailer BOSS -  Final Subtitulado\" width=\"1110\" height=\"624\" src=\"https:\/\/www.youtube.com\/embed\/qphAdTNKGQE?feature=oembed\" frameborder=\"0\" allow=\"accelerometer; autoplay; clipboard-write; encrypted-media; gyroscope; picture-in-picture; web-share\" allowfullscreen><\/iframe>\n<\/div><\/figure>\n\n\n\n<p class=\"has-text-align-right\">Por&nbsp;<strong><a href=\"https:\/\/instagram.com\/erikmukowoz?igshid=YmMyMTA2M2Y=\" target=\"_blank\" rel=\"noreferrer noopener\">Erik Mukowoz<\/a><\/strong>.<\/p>\n\n\n\n<p class=\"has-text-align-right\">M\u00e1s notas de Erik&nbsp;<a href=\"https:\/\/criticanoespecializada.com.ar\/en\/author\/erik-mukowoz\/\">aqu\u00ed<\/a>.<\/p>","protected":false},"excerpt":{"rendered":"<p>Rese\u00f1a: Antes que nada se debe mencionar el nombre de Francis Lawrence, un gran director que lleva peliculones en su espalda como &#8220;Soy leyenda&#8221; y es el director por excelencia&hellip; <\/p>","protected":false},"author":52,"featured_media":5420,"comment_status":"open","ping_status":"open","sticky":false,"template":"","format":"standard","meta":{"googlesitekit_rrm_CAownYrbCw:productID":"","footnotes":""},"categories":[2,54],"tags":[665,5,6,560],"class_list":["post-5415","post","type-post","status-publish","format-standard","has-post-thumbnail","hentry","category-cine-y-series","category-la-critica","tag-665","tag-cine","tag-criticas","tag-libro"],"aioseo_notices":[],"_links":{"self":[{"href":"https:\/\/criticanoespecializada.com.ar\/en\/wp-json\/wp\/v2\/posts\/5415","targetHints":{"allow":["GET"]}}],"collection":[{"href":"https:\/\/criticanoespecializada.com.ar\/en\/wp-json\/wp\/v2\/posts"}],"about":[{"href":"https:\/\/criticanoespecializada.com.ar\/en\/wp-json\/wp\/v2\/types\/post"}],"author":[{"embeddable":true,"href":"https:\/\/criticanoespecializada.com.ar\/en\/wp-json\/wp\/v2\/users\/52"}],"replies":[{"embeddable":true,"href":"https:\/\/criticanoespecializada.com.ar\/en\/wp-json\/wp\/v2\/comments?post=5415"}],"version-history":[{"count":5,"href":"https:\/\/criticanoespecializada.com.ar\/en\/wp-json\/wp\/v2\/posts\/5415\/revisions"}],"predecessor-version":[{"id":5485,"href":"https:\/\/criticanoespecializada.com.ar\/en\/wp-json\/wp\/v2\/posts\/5415\/revisions\/5485"}],"wp:featuredmedia":[{"embeddable":true,"href":"https:\/\/criticanoespecializada.com.ar\/en\/wp-json\/wp\/v2\/media\/5420"}],"wp:attachment":[{"href":"https:\/\/criticanoespecializada.com.ar\/en\/wp-json\/wp\/v2\/media?parent=5415"}],"wp:term":[{"taxonomy":"category","embeddable":true,"href":"https:\/\/criticanoespecializada.com.ar\/en\/wp-json\/wp\/v2\/categories?post=5415"},{"taxonomy":"post_tag","embeddable":true,"href":"https:\/\/criticanoespecializada.com.ar\/en\/wp-json\/wp\/v2\/tags?post=5415"}],"curies":[{"name":"wp","href":"https:\/\/api.w.org\/{rel}","templated":true}]}}