{"id":5453,"date":"2023-11-14T23:41:25","date_gmt":"2023-11-15T02:41:25","guid":{"rendered":"https:\/\/criticanoespecializada.com.ar\/?p=5453"},"modified":"2023-11-14T23:44:22","modified_gmt":"2023-11-15T02:44:22","slug":"rata-blanca","status":"publish","type":"post","link":"https:\/\/criticanoespecializada.com.ar\/en\/rata-blanca\/","title":{"rendered":"Rata Blanca festeja 36 a\u00f1os de carrera en el Luna Park"},"content":{"rendered":"<h4 class=\"wp-block-heading\"><em>Rata Blanca fue fundada en 1987 por Walter Giardino en el Bajo Flores y es considerada una de las bandas m\u00e1s influyentes del Hard Rock y Heavy Metal en espa\u00f1ol. Se presentar\u00e1 el pr\u00f3ximo s\u00e1bado 2 de diciembre en el Estadio Luna Park (Avenida Eduardo Madero 470, CABA). Desplegar\u00e1 todo su repertorio de cl\u00e1sicos y temas nuevos que compondr\u00e1n su pr\u00f3ximo \u00e1lbum, celebrar\u00e1n sus 36 a\u00f1os y dar\u00e1n cierre en Buenos Aires a su extenso tour 2023, en el recorrieron de punta a punta el continente americano.<\/em><\/h4>\n\n\n\n<!--more-->\n\n\n\n<div style=\"height:10px\" aria-hidden=\"true\" class=\"wp-block-spacer\"><\/div>\n\n\n<div class=\"wp-block-image\">\n<figure class=\"aligncenter size-large is-resized\"><a href=\"https:\/\/www.instagram.com\/ratablancaoficial\/?hl=es\" target=\"_blank\" rel=\"noopener\"><img loading=\"lazy\" decoding=\"async\" width=\"1024\" height=\"1024\" src=\"https:\/\/criticanoespecializada.com.ar\/wp-content\/uploads\/2023\/11\/RATA-VIVO-1024x1024.jpg\" alt=\"\" class=\"wp-image-5456\" style=\"width:562px;height:auto\" title=\"\" srcset=\"https:\/\/criticanoespecializada.com.ar\/wp-content\/uploads\/2023\/11\/RATA-VIVO-1024x1024.jpg 1024w, https:\/\/criticanoespecializada.com.ar\/wp-content\/uploads\/2023\/11\/RATA-VIVO-300x300.jpg 300w, https:\/\/criticanoespecializada.com.ar\/wp-content\/uploads\/2023\/11\/RATA-VIVO-150x150.jpg 150w, https:\/\/criticanoespecializada.com.ar\/wp-content\/uploads\/2023\/11\/RATA-VIVO-768x768.jpg 768w, https:\/\/criticanoespecializada.com.ar\/wp-content\/uploads\/2023\/11\/RATA-VIVO-12x12.jpg 12w, https:\/\/criticanoespecializada.com.ar\/wp-content\/uploads\/2023\/11\/RATA-VIVO.jpg 1080w\" sizes=\"auto, (max-width: 1024px) 100vw, 1024px\" \/><\/a><figcaption class=\"wp-element-caption\"><em>El cantante Adri\u00e1n Barilari y el guitarrista Walter Giardino en el show de Rata Blanca de este a\u00f1o en Costa Rica (Fuente: Instagram @ratablancaoficial).<\/em><\/figcaption><\/figure>\n<\/div>\n\n\n<p class=\"has-medium-font-size\">Por <a href=\"https:\/\/www.instagram.com\/federico_ramundo\/\" target=\"_blank\" rel=\"noopener\">Federico Ramundo<\/a>.<\/p>\n\n\n\n<p class=\"has-medium-font-size\" style=\"text-align: justify;\">Intenso fue el 2023 para la longeva Rata Blanca. Con un total de <strong>64 shows<\/strong>, recorrieron la Argentina donde pasaron por <strong>18 provincias<\/strong> (donde pasaron por el escenario del <strong><a href=\"https:\/\/rockenbaradero.com\" target=\"_blank\" rel=\"noreferrer noopener\" data-type=\"link\" data-id=\"https:\/\/rockenbaradero.com\">Rock en Baradero<\/a><\/strong>) <strong>y el AMBA<\/strong>, y dieron 14 shows en distintas ciudades <strong>de costa a costa en Estados Unidos<\/strong>. Tambi\u00e9n estuvieron por <strong>Colombia<\/strong> (seis presentaciones), <strong>Per\u00fa<\/strong> y <strong>Chile<\/strong> (tres en cada pa\u00eds), <strong>Paraguay<\/strong>, <strong>El Salvador<\/strong>, <strong>Guatemala<\/strong>, <strong>Nicaragua<\/strong> y <strong>Costa Rica<\/strong>. Recientemente fueron parte del d\u00eda 3 del <a href=\"https:\/\/www.hellandheavenfest.com\" target=\"_blank\" rel=\"noreferrer noopener\">festival<strong> Hell &amp; Heaven Open Air de M\u00e9xico<\/strong><\/a>, junto a <strong><a href=\"https:\/\/www.youtube.com\/watch?v=qCHPBDN2Tp0\" target=\"_blank\" rel=\"noreferrer noopener\">Guns N\u2019 Roses<\/a><\/strong> y <strong><a href=\"https:\/\/www.youtube.com\/watch?v=9OFpfTd0EIs\" target=\"_blank\" rel=\"noreferrer noopener\" data-type=\"link\" data-id=\"https:\/\/www.youtube.com\/watch?v=9OFpfTd0EIs\">Billy Idol<\/a><\/strong>. Tras miles de kil\u00f3metros recorridos y el paso de los meses, lejana qued\u00f3 su \u00faltima presentaci\u00f3n en <strong>CABA<\/strong>, del 9 de marzo en Parque Sarmiento junto a <strong><a href=\"https:\/\/www.youtube.com\/watch?v=ybcxIpb-R_0\" target=\"_blank\" rel=\"noreferrer noopener\">M\u00f6tley Cr\u00fce<\/a><\/strong> y <strong><a href=\"https:\/\/www.youtube.com\/watch?v=0UIB9Y4OFPs\" target=\"_blank\" rel=\"noreferrer noopener\" data-type=\"link\" data-id=\"https:\/\/www.youtube.com\/watch?v=0UIB9Y4OFPs\">Def Leppard<\/a><\/strong>.<\/p>\n\n\n\n<div style=\"height:20px\" aria-hidden=\"true\" class=\"wp-block-spacer\"><\/div>\n\n\n\n<figure class=\"wp-block-embed is-type-video is-provider-youtube wp-block-embed-youtube wp-embed-aspect-16-9 wp-has-aspect-ratio\"><div class=\"wp-block-embed__wrapper\">\n<iframe loading=\"lazy\" title=\"Rata Blanca - Mujer Amante \/ Guatemala 22 sep 2023\" width=\"1110\" height=\"624\" src=\"https:\/\/www.youtube.com\/embed\/wAU1Pq_25MM?feature=oembed&#038;enablejsapi=1&#038;origin=https:\/\/criticanoespecializada.com.ar\" frameborder=\"0\" allow=\"accelerometer; autoplay; clipboard-write; encrypted-media; gyroscope; picture-in-picture; web-share\" allowfullscreen><\/iframe>\n<\/div><\/figure>\n\n\n\n<div style=\"height:20px\" aria-hidden=\"true\" class=\"wp-block-spacer\"><\/div>\n\n\n\n<p class=\"has-medium-font-size\" style=\"text-align: justify;\">El show del pr\u00f3ximo<strong> s\u00e1bado 2 de diciembre promete ser explosivo<\/strong>. En su vuelta a CABA, en primer lugar, se destaca el marco: <strong>en el <em>Palacio de los deportes y el rock<\/em><\/strong>, Rata Blanca vuelve a <strong>gran recinto para validar su liderazgo como una de las bandas m\u00e1s populares y convocantes del rock pesado hispanoparlante<\/strong>. Por otro lado, <strong>el repertorio augura mimar a los seguidores de todas sus \u00e9pocas y presentar adelantos de su nueva placa que saldr\u00e1 en 2024<\/strong>. (Para los ansiosos por lo nuevo, ya hay videos en YouTube de alg\u00fan tema que tocaron por M\u00e9xico).<\/p>\n\n\n\n<div style=\"height:20px\" aria-hidden=\"true\" class=\"wp-block-spacer\"><\/div>\n\n\n<div class=\"wp-block-image\">\n<figure class=\"aligncenter size-full\"><img loading=\"lazy\" decoding=\"async\" width=\"568\" height=\"567\" src=\"https:\/\/criticanoespecializada.com.ar\/wp-content\/uploads\/2023\/11\/FLYER.png\" alt=\"\" class=\"wp-image-5454\" title=\"\" srcset=\"https:\/\/criticanoespecializada.com.ar\/wp-content\/uploads\/2023\/11\/FLYER.png 568w, https:\/\/criticanoespecializada.com.ar\/wp-content\/uploads\/2023\/11\/FLYER-300x300.png 300w, https:\/\/criticanoespecializada.com.ar\/wp-content\/uploads\/2023\/11\/FLYER-150x150.png 150w, https:\/\/criticanoespecializada.com.ar\/wp-content\/uploads\/2023\/11\/FLYER-12x12.png 12w\" sizes=\"auto, (max-width: 568px) 100vw, 568px\" \/><\/figure>\n<\/div>\n\n\n<div style=\"height:20px\" aria-hidden=\"true\" class=\"wp-block-spacer\"><\/div>\n\n\n\n<p class=\"has-medium-font-size\" style=\"text-align: justify;\">Tras un <strong>ascenso mete\u00f3rico<\/strong> a principios de la d\u00e9cada del \u201990, Rata Blanca se consagr\u00f3 como <strong>una de las bandas m\u00e1s populares de la Argentina<\/strong>. El lanzamiento en 1990 de su <strong>segundo disco<\/strong>, <a href=\"https:\/\/www.youtube.com\/watch?v=xXS7Tr4gpuo\" target=\"_blank\" rel=\"noreferrer noopener\"><strong>&#8220;Magos, Espadas y Rosas&#8221;<\/strong> <\/a>(el cual inclu\u00eda las canciones <em><strong><a href=\"https:\/\/www.youtube.com\/watch?v=V7q1jN7k5lg\" target=\"_blank\" rel=\"noreferrer noopener\">Mujer amante<\/a><\/strong><\/em> y <em><strong><a href=\"https:\/\/www.youtube.com\/watch?v=51cZsDsVOqc\" target=\"_blank\" rel=\"noreferrer noopener\">La leyenda del hada y el mago<\/a><\/strong><\/em> como cortes de difusi\u00f3n), marc\u00f3 un hito con <strong>m\u00e1s de 5 millones de copias vendidas<\/strong> hasta la fecha. La banda liderada por Walter Giardino ha acumulado <strong>seis discos de oro y uno de platino a lo largo de su carrera<\/strong>, destac\u00e1ndose como la banda m\u00e1s exitosa en su g\u00e9nero en Argentina.<\/p>\n\n\n\n<p class=\"has-medium-font-size\" style=\"text-align: justify;\">M\u00e1s all\u00e1 del reconocimiento comercial, Rata Blanca ha explorado <strong>diversas fusiones, incorporando pesados riffs con elementos mel\u00f3dicos y arm\u00f3nicos de la m\u00fasica cl\u00e1sica<\/strong>. Aunque catalogada en varios subg\u00e9neros, la banda insiste en definirse simplemente como <strong>&#8220;rock met\u00e1lico&#8221;<\/strong>, reflejando su versatilidad musical y su <strong>impacto en la escena hispana<\/strong>.<\/p>\n\n\n\n<div style=\"height:20px\" aria-hidden=\"true\" class=\"wp-block-spacer\"><\/div>\n\n\n\n<figure class=\"wp-block-embed is-type-video is-provider-youtube wp-block-embed-youtube wp-embed-aspect-16-9 wp-has-aspect-ratio\"><div class=\"wp-block-embed__wrapper\">\n<iframe loading=\"lazy\" title=\"Rata Blanca - Los Chicos Quieren Rock\" width=\"1110\" height=\"624\" src=\"https:\/\/www.youtube.com\/embed\/UyvkBzqiOVA?feature=oembed&#038;enablejsapi=1&#038;origin=https:\/\/criticanoespecializada.com.ar\" frameborder=\"0\" allow=\"accelerometer; autoplay; clipboard-write; encrypted-media; gyroscope; picture-in-picture; web-share\" allowfullscreen><\/iframe>\n<\/div><\/figure>\n\n\n\n<div style=\"height:20px\" aria-hidden=\"true\" class=\"wp-block-spacer\"><\/div>\n\n\n\n<p class=\"has-medium-font-size\" style=\"text-align: justify;\">Tras la disoluci\u00f3n en 1998, s\u00f3lo dos a\u00f1os m\u00e1s tarde retom\u00f3 la actividad con <strong>discos y giras<\/strong> por dem\u00e1s <strong>exitosos y reconocidos<\/strong>. Consolidada la <strong>formaci\u00f3n del siglo XXI<\/strong>, <strong>con el liderazgo del virtuoso guitarrista Walter Giardino, la impotente voz de Adri\u00e1n Barilari y Fernando Scarcella en bater\u00eda. Actualmente<\/strong> c<strong>ompletan el combo Danilo Moschen en los teclados<\/strong> (qui\u00e9n reemplaz\u00f3 a Hugo Bistolfi, tras su salida en 2009) <strong>y Pablo Motyczak en el bajo<\/strong> (incorporado tras el fallecimiento de Guillermo S\u00e1nchez en 2017).<\/p>\n\n\n\n<p class=\"has-medium-font-size\" style=\"text-align: justify;\">En sus <strong>\u00faltimas producciones<\/strong> Rata Blanca <strong>ha explorado nuevas dimensiones sonoras sin perder la esencia <\/strong>que les otorg\u00f3 renombre. Tras <strong>m\u00e1s de ocho a\u00f1os de su \u00faltima producci\u00f3n<\/strong> de larga duraci\u00f3n<strong> en estudio<\/strong>, <strong>grande es la expectativa del sucesor de <a href=\"https:\/\/www.youtube.com\/watch?v=IPtm8n3-oz4&amp;list=PLMgdWCsJDtf1oWJoA36vaFUOB8bYVL1Vm\" target=\"_blank\" rel=\"noreferrer noopener\">\u201cTormenta El\u00e9ctrica\u201d (2015)<\/a><\/strong>, que ser\u00eda el segundo \u00e1lbum con Moschen en las teclas y el primero de Motyczak en los graves.<\/p>\n\n\n\n<div style=\"height:20px\" aria-hidden=\"true\" class=\"wp-block-spacer\"><\/div>\n\n\n<div class=\"wp-block-image\">\n<figure class=\"aligncenter size-full is-resized\"><img loading=\"lazy\" decoding=\"async\" width=\"920\" height=\"785\" src=\"https:\/\/criticanoespecializada.com.ar\/wp-content\/uploads\/2023\/11\/RATA-COMPLETA.jpg\" alt=\"\" class=\"wp-image-5455\" style=\"width:587px;height:auto\" title=\"\" srcset=\"https:\/\/criticanoespecializada.com.ar\/wp-content\/uploads\/2023\/11\/RATA-COMPLETA.jpg 920w, https:\/\/criticanoespecializada.com.ar\/wp-content\/uploads\/2023\/11\/RATA-COMPLETA-300x256.jpg 300w, https:\/\/criticanoespecializada.com.ar\/wp-content\/uploads\/2023\/11\/RATA-COMPLETA-768x655.jpg 768w, https:\/\/criticanoespecializada.com.ar\/wp-content\/uploads\/2023\/11\/RATA-COMPLETA-14x12.jpg 14w\" sizes=\"auto, (max-width: 920px) 100vw, 920px\" \/><figcaption class=\"wp-element-caption\"><em>Formaci\u00f3n completa actual de Rata Blanca (Arriba: Motyczak, Moschen y Scarcella; abajo: Giardino y Barilari), durante su conferencia de prensa previa a su presentaci\u00f3n en Guatemala (Fuente: Instagram @ratablancaoficial).<\/em><\/figcaption><\/figure>\n<\/div>\n\n\n<p class=\"has-medium-font-size\" style=\"text-align: justify;\">Con todo esto, <strong>la invitaci\u00f3n est\u00e1 hecha para una gran noche de Hard Rock y Heavy Metal el pr\u00f3ximo s\u00e1bado 2 de diciembre desde las 21 en el m\u00edtico Estadio Luna Park (Avenida Eduardo Madero 470, CABA)<\/strong>.<\/p>\n\n\n\n<p class=\"has-large-font-size\" style=\"text-align: justify;\"><strong>Entradas a la venta en:<\/strong><\/p>\n\n\n\n<ul class=\"wp-block-list\">\n<li class=\"has-medium-font-size\">En l\u00ednea: <a href=\"https:\/\/www.lunapark.com.ar\/concierto-1306-rata-blanca\" target=\"_blank\" rel=\"noopener\">Web oficial del Estadio Luna Park<\/a><\/li>\n\n\n\n<li class=\"has-medium-font-size\">Boleter\u00eda del Estadio Luna Park (Av. Corrientes y Bouchard, CABA). Lunes a viernes de 10 a 19 y s\u00e1bados de 12 a 19.<\/li>\n\n\n\n<li class=\"has-medium-font-size\">Microcentro (Viamonte 526, CABA). Lunes a viernes de 8.30 a 18.<\/li>\n\n\n\n<li class=\"has-medium-font-size\">Flores (Fray Cayetano Rodriguez 27, CABA). Lunes a viernes de 8.30 a 18.<\/li>\n\n\n\n<li class=\"has-medium-font-size\">Belgrano (Jos\u00e9 Hern\u00e1ndez 2379). Lunes a viernes de 8.30 a 18.<\/li>\n\n\n\n<li class=\"has-medium-font-size\">Mor\u00f3n (9 de Julio 234). Lunes a viernes de 8.30 a 18.<\/li>\n\n\n\n<li class=\"has-medium-font-size\">San Isidro (Belgrano 301). Lunes a viernes de 8.30 a 18.<\/li>\n\n\n\n<li class=\"has-medium-font-size\">Lomas de Zamora (Hip\u00f3lito Yrigoyen 8562). Lunes a viernes de 8.30 a 18.<\/li>\n<\/ul>\n\n\n\n<p class=\"has-medium-font-size\" style=\"text-align: right;\">Enterate todos sobre pr\u00f3ximos eventos que se vienen <a href=\"https:\/\/criticanoespecializada.com.ar\/en\/category\/cine-y-series\/eventos\/\">aqu\u00ed<\/a><\/p>","protected":false},"excerpt":{"rendered":"<p>La legendaria banda fundada en 1987 por Walter Giardino en el Bajo Flores y considerada una de las bandas m\u00e1s influyentes del Hard Rock y Heavy Metal en espa\u00f1ol, se presentar\u00e1 el pr\u00f3ximo s\u00e1bado 2 de diciembre en el Estadio Luna Park (Avenida Eduardo Madero 470, CABA). Con un repertorio de sus cl\u00e1sicos y temas nuevos que compondr\u00e1n su pr\u00f3ximo \u00e1lbum, celebrar\u00e1n sus 36 a\u00f1os y dar\u00e1n cierre en Buenos Aires a su extenso tour 2023, en el recorrieron de punta a punta el continente americano.<\/p>","protected":false},"author":71,"featured_media":5456,"comment_status":"open","ping_status":"open","sticky":false,"template":"","format":"standard","meta":{"googlesitekit_rrm_CAownYrbCw:productID":"","footnotes":""},"categories":[15],"tags":[856,859,861,858,857,830,863,860,375,854,832,437,862,432,855],"class_list":["post-5453","post","type-post","status-publish","format-standard","has-post-thumbnail","hentry","category-musica","tag-agenda","tag-billy-idol","tag-def-leppard","tag-guns-n-roses","tag-hard-rock","tag-heavy-metal","tag-hell-heaven-open-air-mexico","tag-motley-crue","tag-musica","tag-musica-en-vivo","tag-rata-blanca","tag-rock","tag-rock-en-baradero","tag-rock-nacional","tag-shows"],"aioseo_notices":[],"_links":{"self":[{"href":"https:\/\/criticanoespecializada.com.ar\/en\/wp-json\/wp\/v2\/posts\/5453","targetHints":{"allow":["GET"]}}],"collection":[{"href":"https:\/\/criticanoespecializada.com.ar\/en\/wp-json\/wp\/v2\/posts"}],"about":[{"href":"https:\/\/criticanoespecializada.com.ar\/en\/wp-json\/wp\/v2\/types\/post"}],"author":[{"embeddable":true,"href":"https:\/\/criticanoespecializada.com.ar\/en\/wp-json\/wp\/v2\/users\/71"}],"replies":[{"embeddable":true,"href":"https:\/\/criticanoespecializada.com.ar\/en\/wp-json\/wp\/v2\/comments?post=5453"}],"version-history":[{"count":5,"href":"https:\/\/criticanoespecializada.com.ar\/en\/wp-json\/wp\/v2\/posts\/5453\/revisions"}],"predecessor-version":[{"id":5467,"href":"https:\/\/criticanoespecializada.com.ar\/en\/wp-json\/wp\/v2\/posts\/5453\/revisions\/5467"}],"wp:featuredmedia":[{"embeddable":true,"href":"https:\/\/criticanoespecializada.com.ar\/en\/wp-json\/wp\/v2\/media\/5456"}],"wp:attachment":[{"href":"https:\/\/criticanoespecializada.com.ar\/en\/wp-json\/wp\/v2\/media?parent=5453"}],"wp:term":[{"taxonomy":"category","embeddable":true,"href":"https:\/\/criticanoespecializada.com.ar\/en\/wp-json\/wp\/v2\/categories?post=5453"},{"taxonomy":"post_tag","embeddable":true,"href":"https:\/\/criticanoespecializada.com.ar\/en\/wp-json\/wp\/v2\/tags?post=5453"}],"curies":[{"name":"wp","href":"https:\/\/api.w.org\/{rel}","templated":true}]}}